{"id":1991,"date":"2022-03-14T09:08:00","date_gmt":"2022-03-14T08:08:00","guid":{"rendered":"https:\/\/klaragymnasium.se\/sthlmostra\/?post_type=article&#038;p=1991"},"modified":"2024-01-17T10:49:56","modified_gmt":"2024-01-17T09:49:56","slug":"elever-pa-klara-ostra-traffar-nadim-ghazale","status":"publish","type":"article","link":"https:\/\/klaragymnasium.se\/sthlmostra\/artikel\/elever-pa-klara-ostra-traffar-nadim-ghazale\/","title":{"rendered":"Elever p\u00e5 KLARA \u00d6stra tr\u00e4ffar Nadim Ghazale"},"content":{"rendered":"\n<div class=\"wp-block-columns is-layout-flex wp-container-core-columns-layout-1 wp-block-columns-is-layout-flex\">\n<div class=\"wp-block-column is-layout-flow wp-block-column-is-layout-flow\" style=\"flex-basis:15%\"><\/div>\n\n\n\n<div class=\"wp-block-column is-layout-flow wp-block-column-is-layout-flow\" style=\"flex-basis:70%\">\t<div\n\t\t class=\"module_wrapper container-fluid images-module\" >\n\t\t<div class=\"row\">\n\t\t\t<div\n\t\t\t\t\tclass=\"col-12 m-0 p-0 position-relative images_module__slideshow images_module__slideshow-container module-expand \">\n\n\t\t\t\t<div class=\"images_module__slide \" data-slide=\"\"\n\t\t\t\t\t data-duration=\"\"><\/div>\n\t\t\t\t\t\t\t\t\t<div\n\t\t\t\t\t\t class=\"images_module__slides \">\n\n\n\t\t\t\t\t\t<div class=\"images__wrapper\"\n\t\t\t\t\t\t\t style=\"aspect-ratio: 851 \/ 531;\">\n\t\t\t\t\t\t\t<img decoding=\"async\" width=\"890\" height=\"1000\" src=\"https:\/\/klaragymnasium.se\/wp-content\/uploads\/sites\/5\/2023\/05\/nadim-ooch-oliver.jpeg\" class=\"images__image_ratio  \" alt=\"Elever umg\u00e5s i skolans gemensamma lokaler\" style=\"aspect-ratio: 851 \/ 531;object-position: center top;\" srcset=\"https:\/\/klaragymnasium.se\/wp-content\/uploads\/sites\/5\/2023\/05\/nadim-ooch-oliver.jpeg 890w, https:\/\/klaragymnasium.se\/wp-content\/uploads\/sites\/5\/2023\/05\/nadim-ooch-oliver-300x337.jpeg 300w, https:\/\/klaragymnasium.se\/wp-content\/uploads\/sites\/5\/2023\/05\/nadim-ooch-oliver-400x449.jpeg 400w, https:\/\/klaragymnasium.se\/wp-content\/uploads\/sites\/5\/2023\/05\/nadim-ooch-oliver-600x674.jpeg 600w, https:\/\/klaragymnasium.se\/wp-content\/uploads\/sites\/5\/2023\/05\/nadim-ooch-oliver-800x899.jpeg 800w\" sizes=\"(max-width: 890px) 100vw, 890px\" \/>\t\t\t\t\t\t<\/div>\n\n\t\t\t\t\t\t\n\t\t\t\t\t\t\t\t\t\t\t<\/div>\n\t\t\t\t\n\t\t\t\t<div class=\"images_module__container_dot \">\n\t\t\t\t\t<div style=\"text-align:center\">\n\t\t\t\t\t\t\t\t\t\t\t\t\t<span   data-i=\"0\"\n\t\t\t\t\t\t\t\t  class=\"images_module__dot\n\t\t\t\t\t\t\t\t\t\t\t\t\t  \"><\/span>\n\t\t\t\t\t\t\t\t\t\t\t<\/div>\n\t\t\t\t<\/div>\n\n\t\t\t<\/div>\n\t\t<\/div>\n\t<\/div>\n\n\n\t\n\n\n<script>\n\tvar images_display_descriptive_text = \"\";\n<\/script>\n\n\n\n<p><meta charset=\"utf-8\"><\/p>\n\n\n\n<h1 class=\"wp-block-heading\">Elever p\u00e5 KLARA \u00d6stra tr\u00e4ffar Nadim Ghazale<\/h1>\n\n\n\n<p   class=\"site__ingress container text-left  site__text-color--dark  site__free_text--ingress p-0\">\n\tNadim Ghazale \u00e4r polisen i Bor\u00e5s som flydde fr\u00e5n Libanon till Sverige som sju\u00e5ring. Klara Teoretiska Stockholm \u00d6stra bj\u00f6d in honom f\u00f6r att prata om drivkrafter, ansvar och om hur eleverna kan p\u00e5verka b\u00e5de sin egen och andras framtid genom sina val och handlingar.<\/p>\n\n\n\n\n\n<p>\u2013 I er \u00e5lder upplevde jag sj\u00e4lv en djup or\u00e4ttvisa som skapade b\u00e5de frustration och ilska. Jag k\u00e4nde att jag alltid fick k\u00e4mpa lite h\u00e5rdare \u00e4n alla andra. Idag vet jag att detta kan anv\u00e4ndas som en drivkraft, s\u00e4ger Nadim n\u00e4r han inleder sin f\u00f6rel\u00e4sning.<\/p>\n\n\n\n<p>Eleverna som b\u00e4nkat sig framf\u00f6r Nadim \u00e4r f\u00f6rv\u00e4ntansfulla. Under pandemin har externa f\u00f6rel\u00e4sare inte varit en del av deras vardag, men nu \u00e4r det dags. Rektorn Oliver Ylvenius har tipsat dem om att lyssna p\u00e5 Nadins sommarprat i radio eller se intervjun med honom i Min sanning p\u00e5 SVT.<\/p>\n\n\n\n<p><strong>Chans till vidare studier f\u00f6renar eleverna<\/strong><br>Trots att KLARA \u00d6stra ligger p\u00e5 G\u00e4rdet p\u00e5 \u00d6stermalm har majoriteten av eleverna, precis som Nadim Ghazale, utl\u00e4ndsk bakgrund och flera pendlar till skolan fr\u00e5n Stockholms utsatta f\u00f6rorter. Det som f\u00f6renar skolans elever \u00e4r en ambition att skaffa sig en gymnasieutbildning som ger beh\u00f6righet till vidare studier, genom ekonomi, natur- eller samh\u00e4llsprogrammet.<\/p>\n\n\n\n<p>Nadim ber\u00e4ttar att alla har ett ansvar f\u00f6r sin egen framtid, oavsett var man kommer ifr\u00e5n.<\/p>\n\n\n\n<p>\u2013 Er bakgrund \u00e4r vad den \u00e4r. Livet \u00e4r tufft och f\u00f6r vissa \u00e4r det lite tuffare, vi m\u00e5ste alla simma men vissa m\u00e5ste simma lite snabbare. Var inget offer utan k\u00e4mpa lite mer. Handlingar spelar roll och ni besitter alla makt att v\u00e4rdera ert eget handlande. Spr\u00e5ket \u00e4r viktigt och s\u00e4ttet ni pratar om och med varandra spelar roll.<\/p>\n\n\n\n<p>Som polis i Bor\u00e5s arbetar Nadim brottsf\u00f6rebyggande. Genom att identifiera riskfaktorer f\u00f6r brott bland unga, exempelvis drogmissbruk i hemmet, tr\u00e5ngboddhet, avsaknad av f\u00f6rebilder i samh\u00e4llet och annan etnisk bakgrund, kan man f\u00f6rs\u00f6ka s\u00e4tta in skyddsfaktorer. En skyddsfaktor kan vara en person som har en positiv inverkan i n\u00e5gons liv.<\/p>\n\n\n\n<p>\u2013 Alla kan vara n\u00e5gon annans skyddsfaktor, en \u201ckrattare\u201d som f\u00f6rs\u00f6ker ta bort riskfaktorer i form av ogr\u00e4s. Det kan vara en rektor, l\u00e4rare, fotbollstr\u00e4nare eller annan vuxen f\u00f6rebild. T\u00e4nk efter vilka personer ni har i er omgivning, och v\u00e4lj att lyssna p\u00e5 dem som vill er v\u00e4l. Ni kan ocks\u00e5 vara en skyddsfaktor f\u00f6r n\u00e5gon annan i er omgivning.<\/p>\n\n\n\n<p><a href=\"https:\/\/academedia.se\/nyheter\/nadim-ghazale-moter-elever-pa-klara-ostra\/\" target=\"_blank\" rel=\"noreferrer noopener\">L\u00e4s hela artikeln h\u00e4r.<\/a><\/p>\n<\/div>\n\n\n\n<div class=\"wp-block-column is-layout-flow wp-block-column-is-layout-flow\" style=\"flex-basis:15%\"><\/div>\n<\/div>\n\n\n\n\n\n<section  class=\"ams-article c-block l-stacked js-load-more\" data-color-scheme=\"bakgrund-card-primar1-light-hover-standard_standard\" data-count=\"3\" data-count-mobile=\"3\">\n\t<div class=\"l-container l-stack l-stack-fluid-2xl u-pt-fluid-3xl-6xl u-pb-fluid-3xl-6xl is-center is-center@md\">\n\t\t\t\t\t<div class=\"ams-article__intro l-stack l-stack-lg\">\n\t\t\t\t\t\n\t<h2\n\tclass=\"c-heading u-font-title-1 \"\n\tstyle=\"\">\n\t\t\n\t\t\t\t\tNyheter\n\t\t\t\t\n\t<\/h2>\n\n\t\t\t\t\t\t\t<\/div>\n\t\t\n\t\t\t\n\t    \n\t\n\t<ul id=\"ams-article-list-69f5e0c053ef9\" class=\"ams-article__list l-grid u-gap-2xl u-justify-center js-results \" aria-label=\"Artiklar\" data-filter-animation=\"off\">\n\t\t\t\t\t\t\t\t\t\t\t\t\t\t\t\t\t\n\t\t\t\n\t\t\t\n\t\t\t<li class=\"l-col-6@md l-col-4@lg \" data-filter=\"nyheter januari-2024\">\n\t\t\t\t<article class=\"c-card  has-media-zoom  \" data-variant=\"border\" data-style=\"square\" data-click-area>\n\t\t\t\t\t<div class=\"c-card__content l-stack l-stack-sm\">\n\n\t\t\t\t\t\t\t\t\t\t\t\t\t<time class=\"c-card__date u-font-small\" datetime=\"2024-01-15\">15 januari 2024<\/time>\n\t\t\t\t\t\t\n\t\t\t\t\t\t\t\t\t\t\t\t\t<h3 class=\"c-card__title u-font-title-3\">\n\t\t\t\t\t\t\t\t\t\t\t\t\t\t\t\t\t<a class=\"c-card__link\" href=\"https:\/\/klaragymnasium.se\/sthlmostra\/artikel\/gymnasieantagningen-har-oppnat\/\">\n\t\t\t\t\t\t\t\t\t\tAntagningen har \u00f6ppnat!\n\t\t\t\t\t\t\t\t\t<\/a>\n\t\t\t\t\t\t\t\t\t\t\t\t\t\t\t<\/h3>\n\t\t\t\t\t\t\n\t\t\t\t\t\t\t\t\t\t\t\t\t<p class=\"c-card__text l-stack-xs u-font-body\">\n\t\t\t\t\t\t\t\tVill du bli en del av v\u00e5r skola?\n\t\t\t\t\t\t\t<\/p>\n\t\t\t\t\t\t\n\t\t\t\t\t\t\t\t\t\t\t\t\t<ul class=\"c-card__tags l-stack-grow u-list-none u-pt-md\" aria-label=\"Kategorier\">\n\t\t\t\t\t\t\t\t\t\t\t\t\t\t\t\t\t<li><span class=\"c-tag\" data-variant=\"outline\">Nyheter<\/span><\/li>\n\t\t\t\t\t\t\t\t\t\t\t\t\t\t\t<\/ul>\n\t\t\t\t\t\t\n\t\t\t\t\t\t<div class=\"c-card__icon\">\n\t\t\t\t\t\t\t\t\t\t\t\t\t\t<svg class=\"ams-icon ams-icon--arrow-right\" width=\"32\" height=\"32\" viewbox=\"0 0 32 32\" fill=\"currentColor\" aria-hidden=\"true\" xmlns=\"http:\/\/www.w3.org\/2000\/svg\">\n\t\t\t\t\t\t\t\t\t\t\t\t\t\t\t\t<path d=\"M15.4617 0.252159L14.9567 0.75931C14.6219 1.09545 14.6219 1.64048 14.9567 1.97669L27.7062 14.7806H0.857144C0.383786 14.7806 0 15.166 0 15.6414V16.3587C0 16.8341 0.383786 17.2195 0.857144 17.2195H27.7062L14.9567 30.0234C14.6219 30.3595 14.6219 30.9045 14.9567 31.2407L15.4617 31.7479C15.7964 32.084 16.3392 32.084 16.6739 31.7479L31.749 16.6087C32.0837 16.2725 32.0837 15.7275 31.749 15.3913L16.6739 0.252159C16.3392 -0.084053 15.7964 -0.084053 15.4617 0.252159Z\"\/>\n\t\t\t\t\t\t\t\n\t\t\t\t\t\t\t<\/svg>\n\t\t\t\t\t\t<\/div>\n\t\t\t\t\t<\/div>\n\n\t\t\t\t\t<div class=\"c-card__media \" style=\" \">\n\t\t\t\t\t\t<img decoding=\"async\" width=\"400\" height=\"267\" src=\"https:\/\/klaragymnasium.se\/wp-content\/uploads\/sites\/5\/2023\/05\/klara-ostra-400x267.jpeg\" class=\"attachment-sm size-sm\" alt=\"Elever i ett klassrum\" sizes=\"(min-width: 64em) 300px, (min-width: 48em) calc(.50 * (100vw - 224px)), calc(100vw - 160px)\" srcset=\"https:\/\/klaragymnasium.se\/wp-content\/uploads\/sites\/5\/2023\/05\/klara-ostra-400x267.jpeg 400w, https:\/\/klaragymnasium.se\/wp-content\/uploads\/sites\/5\/2023\/05\/klara-ostra-300x200.jpeg 300w, https:\/\/klaragymnasium.se\/wp-content\/uploads\/sites\/5\/2023\/05\/klara-ostra-600x400.jpeg 600w, https:\/\/klaragymnasium.se\/wp-content\/uploads\/sites\/5\/2023\/05\/klara-ostra-800x534.jpeg 800w, https:\/\/klaragymnasium.se\/wp-content\/uploads\/sites\/5\/2023\/05\/klara-ostra.jpeg 1024w\" \/>\n\t\t\t\t\t<\/div>\n\t\t\t\t<\/article>\n\t\t\t<\/li>\n\t\t\t\t\t\t\t\t\t\t\t\t\t\t\t\t\t\n\t\t\t\n\t\t\t\n\t\t\t<li class=\"l-col-6@md l-col-4@lg \" data-filter=\"nyheter november-2023\">\n\t\t\t\t<article class=\"c-card  has-media-zoom  \" data-variant=\"border\" data-style=\"square\" data-click-area>\n\t\t\t\t\t<div class=\"c-card__content l-stack l-stack-sm\">\n\n\t\t\t\t\t\t\t\t\t\t\t\t\t<time class=\"c-card__date u-font-small\" datetime=\"2023-11-15\">15 november 2023<\/time>\n\t\t\t\t\t\t\n\t\t\t\t\t\t\t\t\t\t\t\t\t<h3 class=\"c-card__title u-font-title-3\">\n\t\t\t\t\t\t\t\t\t\t\t\t\t\t\t\t\t<a class=\"c-card__link\" href=\"https:\/\/klaragymnasium.se\/sthlmostra\/artikel\/mentor-sverige\/\">\n\t\t\t\t\t\t\t\t\t\tBes\u00f6k fr\u00e5n Mentor Sverige\n\t\t\t\t\t\t\t\t\t<\/a>\n\t\t\t\t\t\t\t\t\t\t\t\t\t\t\t<\/h3>\n\t\t\t\t\t\t\n\t\t\t\t\t\t\t\t\t\t\t\t\t<p class=\"c-card__text l-stack-xs u-font-body\">\n\t\t\t\t\t\t\t\tCoacher fr\u00e5n SEB diskuterade motivation &#8230;\n\t\t\t\t\t\t\t<\/p>\n\t\t\t\t\t\t\n\t\t\t\t\t\t\t\t\t\t\t\t\t<ul class=\"c-card__tags l-stack-grow u-list-none u-pt-md\" aria-label=\"Kategorier\">\n\t\t\t\t\t\t\t\t\t\t\t\t\t\t\t\t\t<li><span class=\"c-tag\" data-variant=\"outline\">Nyheter<\/span><\/li>\n\t\t\t\t\t\t\t\t\t\t\t\t\t\t\t<\/ul>\n\t\t\t\t\t\t\n\t\t\t\t\t\t<div class=\"c-card__icon\">\n\t\t\t\t\t\t\t\t\t\t\t\t\t\t<svg class=\"ams-icon ams-icon--arrow-right\" width=\"32\" height=\"32\" viewbox=\"0 0 32 32\" fill=\"currentColor\" aria-hidden=\"true\" xmlns=\"http:\/\/www.w3.org\/2000\/svg\">\n\t\t\t\t\t\t\t\t\t\t\t\t\t\t\t\t<path d=\"M15.4617 0.252159L14.9567 0.75931C14.6219 1.09545 14.6219 1.64048 14.9567 1.97669L27.7062 14.7806H0.857144C0.383786 14.7806 0 15.166 0 15.6414V16.3587C0 16.8341 0.383786 17.2195 0.857144 17.2195H27.7062L14.9567 30.0234C14.6219 30.3595 14.6219 30.9045 14.9567 31.2407L15.4617 31.7479C15.7964 32.084 16.3392 32.084 16.6739 31.7479L31.749 16.6087C32.0837 16.2725 32.0837 15.7275 31.749 15.3913L16.6739 0.252159C16.3392 -0.084053 15.7964 -0.084053 15.4617 0.252159Z\"\/>\n\t\t\t\t\t\t\t\n\t\t\t\t\t\t\t<\/svg>\n\t\t\t\t\t\t<\/div>\n\t\t\t\t\t<\/div>\n\n\t\t\t\t\t<div class=\"c-card__media \" style=\" \">\n\t\t\t\t\t\t<img decoding=\"async\" width=\"400\" height=\"225\" src=\"https:\/\/klaragymnasium.se\/wp-content\/uploads\/sites\/5\/2023\/03\/sam-beteende-gymnasiet-400x225.jpg\" class=\"attachment-sm size-sm\" alt=\"Elever i ett klassrum\" sizes=\"(min-width: 64em) 300px, (min-width: 48em) calc(.50 * (100vw - 224px)), calc(100vw - 160px)\" srcset=\"https:\/\/klaragymnasium.se\/wp-content\/uploads\/sites\/5\/2023\/03\/sam-beteende-gymnasiet-400x225.jpg 400w, https:\/\/klaragymnasium.se\/wp-content\/uploads\/sites\/5\/2023\/03\/sam-beteende-gymnasiet-300x169.jpg 300w, https:\/\/klaragymnasium.se\/wp-content\/uploads\/sites\/5\/2023\/03\/sam-beteende-gymnasiet-600x338.jpg 600w, https:\/\/klaragymnasium.se\/wp-content\/uploads\/sites\/5\/2023\/03\/sam-beteende-gymnasiet-800x450.jpg 800w, https:\/\/klaragymnasium.se\/wp-content\/uploads\/sites\/5\/2023\/03\/sam-beteende-gymnasiet-1024x576.jpg 1024w, https:\/\/klaragymnasium.se\/wp-content\/uploads\/sites\/5\/2023\/03\/sam-beteende-gymnasiet-1200x675.jpg 1200w, https:\/\/klaragymnasium.se\/wp-content\/uploads\/sites\/5\/2023\/03\/sam-beteende-gymnasiet.jpg 1920w\" \/>\n\t\t\t\t\t<\/div>\n\t\t\t\t<\/article>\n\t\t\t<\/li>\n\t\t\t\t\t\t\t\t\t\t\t\t\t\t\t\t\t\n\t\t\t\n\t\t\t\n\t\t\t<li class=\"l-col-6@md l-col-4@lg \" data-filter=\"nyheter mars-2022\">\n\t\t\t\t<article class=\"c-card  has-media-zoom  \" data-variant=\"border\" data-style=\"square\" data-click-area>\n\t\t\t\t\t<div class=\"c-card__content l-stack l-stack-sm\">\n\n\t\t\t\t\t\t\t\t\t\t\t\t\t<time class=\"c-card__date u-font-small\" datetime=\"2022-03-14\">14 mars 2022<\/time>\n\t\t\t\t\t\t\n\t\t\t\t\t\t\t\t\t\t\t\t\t<h3 class=\"c-card__title u-font-title-3\">\n\t\t\t\t\t\t\t\t\t\t\t\t\t\t\t\t\t<a class=\"c-card__link\" href=\"https:\/\/klaragymnasium.se\/sthlmostra\/artikel\/elever-pa-klara-ostra-traffar-nadim-ghazale\/\">\n\t\t\t\t\t\t\t\t\t\tNadim Ghazale p\u00e5 KLARA \n\t\t\t\t\t\t\t\t\t<\/a>\n\t\t\t\t\t\t\t\t\t\t\t\t\t\t\t<\/h3>\n\t\t\t\t\t\t\n\t\t\t\t\t\t\t\t\t\t\t\t\t<p class=\"c-card__text l-stack-xs u-font-body\">\n\t\t\t\t\t\t\t\tPolisen fr\u00e5n Bor\u00e5s inspirerar\n\t\t\t\t\t\t\t<\/p>\n\t\t\t\t\t\t\n\t\t\t\t\t\t\t\t\t\t\t\t\t<ul class=\"c-card__tags l-stack-grow u-list-none u-pt-md\" aria-label=\"Kategorier\">\n\t\t\t\t\t\t\t\t\t\t\t\t\t\t\t\t\t<li><span class=\"c-tag\" data-variant=\"outline\">Nyheter<\/span><\/li>\n\t\t\t\t\t\t\t\t\t\t\t\t\t\t\t<\/ul>\n\t\t\t\t\t\t\n\t\t\t\t\t\t<div class=\"c-card__icon\">\n\t\t\t\t\t\t\t\t\t\t\t\t\t\t<svg class=\"ams-icon ams-icon--arrow-right\" width=\"32\" height=\"32\" viewbox=\"0 0 32 32\" fill=\"currentColor\" aria-hidden=\"true\" xmlns=\"http:\/\/www.w3.org\/2000\/svg\">\n\t\t\t\t\t\t\t\t\t\t\t\t\t\t\t\t<path d=\"M15.4617 0.252159L14.9567 0.75931C14.6219 1.09545 14.6219 1.64048 14.9567 1.97669L27.7062 14.7806H0.857144C0.383786 14.7806 0 15.166 0 15.6414V16.3587C0 16.8341 0.383786 17.2195 0.857144 17.2195H27.7062L14.9567 30.0234C14.6219 30.3595 14.6219 30.9045 14.9567 31.2407L15.4617 31.7479C15.7964 32.084 16.3392 32.084 16.6739 31.7479L31.749 16.6087C32.0837 16.2725 32.0837 15.7275 31.749 15.3913L16.6739 0.252159C16.3392 -0.084053 15.7964 -0.084053 15.4617 0.252159Z\"\/>\n\t\t\t\t\t\t\t\n\t\t\t\t\t\t\t<\/svg>\n\t\t\t\t\t\t<\/div>\n\t\t\t\t\t<\/div>\n\n\t\t\t\t\t<div class=\"c-card__media \" style=\" \">\n\t\t\t\t\t\t<img decoding=\"async\" width=\"400\" height=\"289\" src=\"https:\/\/klaragymnasium.se\/wp-content\/uploads\/sites\/5\/2023\/05\/nadim-ooch-oliverjpegg-400x289.jpeg\" class=\"attachment-sm size-sm\" alt=\"Elever umg\u00e5s i skolans gemensamma lokaler\" sizes=\"(min-width: 64em) 300px, (min-width: 48em) calc(.50 * (100vw - 224px)), calc(100vw - 160px)\" srcset=\"https:\/\/klaragymnasium.se\/wp-content\/uploads\/sites\/5\/2023\/05\/nadim-ooch-oliverjpegg-400x289.jpeg 400w, https:\/\/klaragymnasium.se\/wp-content\/uploads\/sites\/5\/2023\/05\/nadim-ooch-oliverjpegg-300x217.jpeg 300w, https:\/\/klaragymnasium.se\/wp-content\/uploads\/sites\/5\/2023\/05\/nadim-ooch-oliverjpegg-600x434.jpeg 600w, https:\/\/klaragymnasium.se\/wp-content\/uploads\/sites\/5\/2023\/05\/nadim-ooch-oliverjpegg.jpeg 745w\" \/>\n\t\t\t\t\t<\/div>\n\t\t\t\t<\/article>\n\t\t\t<\/li>\n\t\t\t<\/ul>\n\n\t<div class=\"no-results u-mt-0 u-hide\" data-filter-fallback-id=\"ams-article-list-69f5e0c053ef9\">\n\t<p>Det finns inga resultat som matchar din filtrering.<\/p>\n<\/div>\n\n\t    <div class=\"ams-article__more u-inline-items js-load-more-btn\">\n        <button href=\"#\"\n                class=\"c-btn\"\n                data-style=\"round\"\n                data-size=\"md\"\n                data-width=\"full-mobile\"\n                data-variant=\"outline\">\n        \tVisa fler resultat\n        <\/button>\n    <\/div>\n\n\n\t\t\n\t\t\t<div class=\"ams-article__action u-inline-items\">\n\t\t\t\t\t\t\t\n\n\n<a href=\"https:\/\/klaragymnasium.se\/sthlmostra\/nyheter\/\"\n\t\n\tclass=\"c-btn \"\n\tdata-style=\"round\"\n\tdata-size=\"md\"\n\tdata-width=\"full-mobile\"\n\tdata-variant=\"default\"\n\ttarget=\"_self\">\n\t\t\t<span class=\"label\"> Se alla nyheter<\/span>\n\t\t\t<\/a>\n\t\t\t<\/div>\n\t<\/div>\n\n\t\t\n\n<\/section>\n","protected":false},"template":"","article_category":[5],"yoast_head":"<!-- This site is optimized with the Yoast SEO plugin v22.0 - https:\/\/yoast.com\/wordpress\/plugins\/seo\/ -->\n<title>Stockholm \u00d6stra<\/title>\n<meta name=\"description\" content=\"Elever p\u00e5 KLARA \u00d6stra tr\u00e4ffar Nadim Ghazale. Nadim Ghazale \u00e4r polisen i Bor\u00e5s som flydde fr\u00e5n Libanon till Sverige som sju\u00e5ring.\" \/>\n<meta name=\"robots\" content=\"index, follow, max-snippet:-1, max-image-preview:large, max-video-preview:-1\" \/>\n<link rel=\"canonical\" href=\"https:\/\/klaragymnasium.se\/sthlmostra\/nyheter\/elever-pa-klara-ostra-traffar-nadim-ghazale\/\" \/>\n<meta property=\"og:locale\" content=\"sv_SE\" \/>\n<meta property=\"og:type\" content=\"article\" \/>\n<meta property=\"og:description\" content=\"Elever p\u00e5 KLARA \u00d6stra tr\u00e4ffar Nadim Ghazale. Nadim Ghazale \u00e4r polisen i Bor\u00e5s som flydde fr\u00e5n Libanon till Sverige som sju\u00e5ring.\" \/>\n<meta property=\"og:url\" content=\"https:\/\/klaragymnasium.se\/sthlmostra\/nyheter\/elever-pa-klara-ostra-traffar-nadim-ghazale\/\" \/>\n<meta property=\"og:site_name\" content=\"Stockholm \u00d6stra\" \/>\n<meta property=\"article:modified_time\" content=\"2024-01-17T09:49:56+00:00\" \/>\n<meta name=\"twitter:card\" content=\"summary_large_image\" \/>\n<meta name=\"twitter:description\" content=\"Elever p\u00e5 KLARA \u00d6stra tr\u00e4ffar Nadim Ghazale. Nadim Ghazale \u00e4r polisen i Bor\u00e5s som flydde fr\u00e5n Libanon till Sverige som sju\u00e5ring.\" \/>\n<meta name=\"twitter:image\" content=\"https:\/\/klaragymnasium.se\/wp-content\/uploads\/sites\/5\/2023\/05\/nadim-ooch-oliver-890x630.jpeg\" \/>\n<meta name=\"twitter:label1\" content=\"Est. reading time\" \/>\n\t<meta name=\"twitter:data1\" content=\"2 minuter\" \/>\n<script type=\"application\/ld+json\" class=\"yoast-schema-graph\">{\"@context\":\"https:\/\/schema.org\",\"@graph\":[{\"@type\":\"WebPage\",\"@id\":\"https:\/\/klaragymnasium.se\/sthlmostra\/nyheter\/elever-pa-klara-ostra-traffar-nadim-ghazale\/\",\"url\":\"https:\/\/klaragymnasium.se\/sthlmostra\/nyheter\/elever-pa-klara-ostra-traffar-nadim-ghazale\/\",\"name\":\"Elever p\u00e5 KLARA \u00d6stra tr\u00e4ffar Nadim Ghazale - Stockholm \u00d6stra\",\"isPartOf\":{\"@id\":\"https:\/\/klaragymnasium.se\/sthlmostra\/#website\"},\"datePublished\":\"2022-03-14T08:08:00+00:00\",\"dateModified\":\"2024-01-17T09:49:56+00:00\",\"description\":\"Elever p\u00e5 KLARA \u00d6stra tr\u00e4ffar Nadim Ghazale. Nadim Ghazale \u00e4r polisen i Bor\u00e5s som flydde fr\u00e5n Libanon till Sverige som sju\u00e5ring.\",\"breadcrumb\":{\"@id\":\"https:\/\/klaragymnasium.se\/sthlmostra\/nyheter\/elever-pa-klara-ostra-traffar-nadim-ghazale\/#breadcrumb\"},\"inLanguage\":\"sv-SE\",\"potentialAction\":[{\"@type\":\"ReadAction\",\"target\":[\"https:\/\/klaragymnasium.se\/sthlmostra\/nyheter\/elever-pa-klara-ostra-traffar-nadim-ghazale\/\"]}]},{\"@type\":\"BreadcrumbList\",\"@id\":\"https:\/\/klaragymnasium.se\/sthlmostra\/nyheter\/elever-pa-klara-ostra-traffar-nadim-ghazale\/#breadcrumb\",\"itemListElement\":[{\"@type\":\"ListItem\",\"position\":1,\"name\":\"Start\",\"item\":\"https:\/\/klaragymnasium.se\/sthlmostra\"},{\"@type\":\"ListItem\",\"position\":2,\"name\":\"Nyheter\"}]},{\"@type\":\"WebSite\",\"@id\":\"https:\/\/klaragymnasium.se\/sthlmostra\/#website\",\"url\":\"https:\/\/klaragymnasium.se\/sthlmostra\/\",\"name\":\"Stockholm \u00d6stra\",\"description\":\"Just another WordPress site\",\"potentialAction\":[{\"@type\":\"SearchAction\",\"target\":{\"@type\":\"EntryPoint\",\"urlTemplate\":\"https:\/\/klaragymnasium.se\/sthlmostra\/?s={search_term_string}\"},\"query-input\":\"required name=search_term_string\"}],\"inLanguage\":\"sv-SE\"}]}<\/script>\n<!-- \/ Yoast SEO plugin. -->","yoast_head_json":{"title":"Stockholm \u00d6stra","description":"Elever p\u00e5 KLARA \u00d6stra tr\u00e4ffar Nadim Ghazale. Nadim Ghazale \u00e4r polisen i Bor\u00e5s som flydde fr\u00e5n Libanon till Sverige som sju\u00e5ring.","robots":{"index":"index","follow":"follow","max-snippet":"max-snippet:-1","max-image-preview":"max-image-preview:large","max-video-preview":"max-video-preview:-1"},"canonical":"https:\/\/klaragymnasium.se\/sthlmostra\/nyheter\/elever-pa-klara-ostra-traffar-nadim-ghazale\/","og_locale":"sv_SE","og_type":"article","og_description":"Elever p\u00e5 KLARA \u00d6stra tr\u00e4ffar Nadim Ghazale. Nadim Ghazale \u00e4r polisen i Bor\u00e5s som flydde fr\u00e5n Libanon till Sverige som sju\u00e5ring.","og_url":"https:\/\/klaragymnasium.se\/sthlmostra\/nyheter\/elever-pa-klara-ostra-traffar-nadim-ghazale\/","og_site_name":"Stockholm \u00d6stra","article_modified_time":"2024-01-17T09:49:56+00:00","twitter_card":"summary_large_image","twitter_description":"Elever p\u00e5 KLARA \u00d6stra tr\u00e4ffar Nadim Ghazale. Nadim Ghazale \u00e4r polisen i Bor\u00e5s som flydde fr\u00e5n Libanon till Sverige som sju\u00e5ring.","twitter_image":"https:\/\/klaragymnasium.se\/wp-content\/uploads\/sites\/5\/2023\/05\/nadim-ooch-oliver-890x630.jpeg","twitter_misc":{"Est. reading time":"2 minuter"},"schema":{"@context":"https:\/\/schema.org","@graph":[{"@type":"WebPage","@id":"https:\/\/klaragymnasium.se\/sthlmostra\/nyheter\/elever-pa-klara-ostra-traffar-nadim-ghazale\/","url":"https:\/\/klaragymnasium.se\/sthlmostra\/nyheter\/elever-pa-klara-ostra-traffar-nadim-ghazale\/","name":"Elever p\u00e5 KLARA \u00d6stra tr\u00e4ffar Nadim Ghazale - Stockholm \u00d6stra","isPartOf":{"@id":"https:\/\/klaragymnasium.se\/sthlmostra\/#website"},"datePublished":"2022-03-14T08:08:00+00:00","dateModified":"2024-01-17T09:49:56+00:00","description":"Elever p\u00e5 KLARA \u00d6stra tr\u00e4ffar Nadim Ghazale. Nadim Ghazale \u00e4r polisen i Bor\u00e5s som flydde fr\u00e5n Libanon till Sverige som sju\u00e5ring.","breadcrumb":{"@id":"https:\/\/klaragymnasium.se\/sthlmostra\/nyheter\/elever-pa-klara-ostra-traffar-nadim-ghazale\/#breadcrumb"},"inLanguage":"sv-SE","potentialAction":[{"@type":"ReadAction","target":["https:\/\/klaragymnasium.se\/sthlmostra\/nyheter\/elever-pa-klara-ostra-traffar-nadim-ghazale\/"]}]},{"@type":"BreadcrumbList","@id":"https:\/\/klaragymnasium.se\/sthlmostra\/nyheter\/elever-pa-klara-ostra-traffar-nadim-ghazale\/#breadcrumb","itemListElement":[{"@type":"ListItem","position":1,"name":"Start","item":"https:\/\/klaragymnasium.se\/sthlmostra"},{"@type":"ListItem","position":2,"name":"Nyheter"}]},{"@type":"WebSite","@id":"https:\/\/klaragymnasium.se\/sthlmostra\/#website","url":"https:\/\/klaragymnasium.se\/sthlmostra\/","name":"Stockholm \u00d6stra","description":"Just another WordPress site","potentialAction":[{"@type":"SearchAction","target":{"@type":"EntryPoint","urlTemplate":"https:\/\/klaragymnasium.se\/sthlmostra\/?s={search_term_string}"},"query-input":"required name=search_term_string"}],"inLanguage":"sv-SE"}]}},"_links":{"self":[{"href":"https:\/\/klaragymnasium.se\/sthlmostra\/wp-json\/wp\/v2\/article\/1991"}],"collection":[{"href":"https:\/\/klaragymnasium.se\/sthlmostra\/wp-json\/wp\/v2\/article"}],"about":[{"href":"https:\/\/klaragymnasium.se\/sthlmostra\/wp-json\/wp\/v2\/types\/article"}],"wp:attachment":[{"href":"https:\/\/klaragymnasium.se\/sthlmostra\/wp-json\/wp\/v2\/media?parent=1991"}],"wp:term":[{"taxonomy":"article_category","embeddable":true,"href":"https:\/\/klaragymnasium.se\/sthlmostra\/wp-json\/wp\/v2\/article_category?post=1991"}],"curies":[{"name":"wp","href":"https:\/\/api.w.org\/{rel}","templated":true}]}}