{"id":1990,"date":"2024-01-15T07:00:00","date_gmt":"2024-01-15T06:00:00","guid":{"rendered":"https:\/\/klaragymnasium.se\/sthlmostra\/?post_type=article&#038;p=1990"},"modified":"2024-01-15T08:09:11","modified_gmt":"2024-01-15T07:09:11","slug":"gymnasieantagningen-har-oppnat","status":"publish","type":"article","link":"https:\/\/klaragymnasium.se\/sthlmostra\/artikel\/gymnasieantagningen-har-oppnat\/","title":{"rendered":"Gymnasieantagningen har \u00f6ppnat!"},"content":{"rendered":"\n<div class=\"wp-block-columns is-layout-flex wp-container-core-columns-layout-1 wp-block-columns-is-layout-flex\">\n<div class=\"wp-block-column is-layout-flow wp-block-column-is-layout-flow\" style=\"flex-basis:15%\"><\/div>\n\n\n\n<div class=\"wp-block-column is-layout-flow wp-block-column-is-layout-flow\" style=\"flex-basis:70%\">\t<div\n\t\t class=\"module_wrapper container-fluid images-module\" >\n\t\t<div class=\"row\">\n\t\t\t<div\n\t\t\t\t\tclass=\"col-12 m-0 p-0 position-relative images_module__slideshow images_module__slideshow-container module-expand \">\n\n\t\t\t\t<div class=\"images_module__slide \" data-slide=\"\"\n\t\t\t\t\t data-duration=\"\"><\/div>\n\t\t\t\t\t\t\t\t\t<div\n\t\t\t\t\t\t class=\"images_module__slides \">\n\n\n\t\t\t\t\t\t<div class=\"images__wrapper\"\n\t\t\t\t\t\t\t style=\"aspect-ratio: 851 \/ 531;\">\n\t\t\t\t\t\t\t<img decoding=\"async\" width=\"1024\" height=\"683\" src=\"https:\/\/klaragymnasium.se\/wp-content\/uploads\/sites\/5\/2023\/05\/klara-ostra.jpeg\" class=\"images__image_ratio  \" alt=\"Elever i ett klassrum\" style=\"aspect-ratio: 851 \/ 531;object-position: center top;\" srcset=\"https:\/\/klaragymnasium.se\/wp-content\/uploads\/sites\/5\/2023\/05\/klara-ostra.jpeg 1024w, https:\/\/klaragymnasium.se\/wp-content\/uploads\/sites\/5\/2023\/05\/klara-ostra-300x200.jpeg 300w, https:\/\/klaragymnasium.se\/wp-content\/uploads\/sites\/5\/2023\/05\/klara-ostra-400x267.jpeg 400w, https:\/\/klaragymnasium.se\/wp-content\/uploads\/sites\/5\/2023\/05\/klara-ostra-600x400.jpeg 600w, https:\/\/klaragymnasium.se\/wp-content\/uploads\/sites\/5\/2023\/05\/klara-ostra-800x534.jpeg 800w\" sizes=\"(max-width: 1024px) 100vw, 1024px\" \/>\t\t\t\t\t\t<\/div>\n\n\t\t\t\t\t\t\n\t\t\t\t\t\t\t\t\t\t\t<\/div>\n\t\t\t\t\n\t\t\t\t<div class=\"images_module__container_dot \">\n\t\t\t\t\t<div style=\"text-align:center\">\n\t\t\t\t\t\t\t\t\t\t\t\t\t<span   data-i=\"0\"\n\t\t\t\t\t\t\t\t  class=\"images_module__dot\n\t\t\t\t\t\t\t\t\t\t\t\t\t  \"><\/span>\n\t\t\t\t\t\t\t\t\t\t\t<\/div>\n\t\t\t\t<\/div>\n\n\t\t\t<\/div>\n\t\t<\/div>\n\t<\/div>\n\n\n\t\n\n\n<script>\n\tvar images_display_descriptive_text = \"\";\n<\/script>\n\n\n\n<p><meta charset=\"utf-8\"><\/p>\n\n\n\n<h1 class=\"wp-block-heading\">Gymnasieantagningen har \u00f6ppnat!<\/h1>\n\n\n\n<p   class=\"site__ingress container text-left  site__text-color--dark  site__free_text--ingress p-0\">\n\tNu har antagningen \u00f6ppnat! \u00c4r du intresserad av att s\u00f6ka till Klara Teoretiska Gymnasium Stockholm \u00d6stra?<\/p>\n\n\n\n\n\n<p>F\u00f6r att s\u00f6ka till KLARA <meta charset=\"utf-8\">\u00d6stra g\u00e5r du in p\u00e5 <a href=\"https:\/\/indra.storsthlm.se\/#!\/Home\/Index\/\" target=\"_blank\" rel=\"noreferrer noopener\">ans\u00f6kningswebben<\/a> och g\u00f6r din ans\u00f6kan senast den 15 februari. D\u00e4r hittar du \u00e4ven mer information om hur ans\u00f6kningsprocessen g\u00e5r till och andra viktiga datum att ha koll p\u00e5 kopplat till ditt gymnasieval!<\/p>\n\n\n\n<p>Vill du veta mer om v\u00e5r skola? Du kan ta del av v\u00e5r <a href=\"https:\/\/www.youtube.com\/watch?v=PmXyLj8fP2Q\" target=\"_blank\" rel=\"noreferrer noopener\">skolfilm<\/a> d\u00e4r v\u00e5ra elever ber\u00e4ttar om hur det \u00e4r att g\u00e5 p\u00e5 KLARA \u00d6stra och du kan \u00e4ven l\u00e4sa mer om <a href=\"https:\/\/klaragymnasium.se\/sthlmostra\/gymnasieprogram\/\">v\u00e5ra program<\/a>.<\/p>\n\n\n\n<p>Vi hoppas att detta ska ge dig en klarare bild av vilka vi \u00e4r och g\u00f6ra ditt gymnasieval lite l\u00e4ttare!<\/p>\n<\/div>\n\n\n\n<div class=\"wp-block-column is-layout-flow wp-block-column-is-layout-flow\" style=\"flex-basis:15%\"><\/div>\n<\/div>\n\n\n\n\n\n<section  class=\"ams-article c-block l-stacked js-load-more\" data-color-scheme=\"bakgrund-card-primar1-light-hover-standard_standard\" data-count=\"3\" data-count-mobile=\"3\">\n\t<div class=\"l-container l-stack l-stack-fluid-2xl u-pt-fluid-3xl-6xl u-pb-fluid-3xl-6xl is-center is-center@md\">\n\t\t\t\t\t<div class=\"ams-article__intro l-stack l-stack-lg\">\n\t\t\t\t\t\n\t<h2\n\tclass=\"c-heading u-font-title-1 \"\n\tstyle=\"\">\n\t\t\n\t\t\t\t\tNyheter\n\t\t\t\t\n\t<\/h2>\n\n\t\t\t\t\t\t\t<\/div>\n\t\t\n\t\t\t\n\t    \n\t\n\t<ul id=\"ams-article-list-69f5e097f003e\" class=\"ams-article__list l-grid u-gap-2xl u-justify-center js-results \" aria-label=\"Artiklar\" data-filter-animation=\"off\">\n\t\t\t\t\t\t\t\t\t\t\t\t\t\t\t\t\t\n\t\t\t\n\t\t\t\n\t\t\t<li class=\"l-col-6@md l-col-4@lg \" data-filter=\"nyheter januari-2024\">\n\t\t\t\t<article class=\"c-card  has-media-zoom  \" data-variant=\"border\" data-style=\"square\" data-click-area>\n\t\t\t\t\t<div class=\"c-card__content l-stack l-stack-sm\">\n\n\t\t\t\t\t\t\t\t\t\t\t\t\t<time class=\"c-card__date u-font-small\" datetime=\"2024-01-15\">15 januari 2024<\/time>\n\t\t\t\t\t\t\n\t\t\t\t\t\t\t\t\t\t\t\t\t<h3 class=\"c-card__title u-font-title-3\">\n\t\t\t\t\t\t\t\t\t\t\t\t\t\t\t\t\t<a class=\"c-card__link\" href=\"https:\/\/klaragymnasium.se\/sthlmostra\/artikel\/gymnasieantagningen-har-oppnat\/\">\n\t\t\t\t\t\t\t\t\t\tAntagningen har \u00f6ppnat!\n\t\t\t\t\t\t\t\t\t<\/a>\n\t\t\t\t\t\t\t\t\t\t\t\t\t\t\t<\/h3>\n\t\t\t\t\t\t\n\t\t\t\t\t\t\t\t\t\t\t\t\t<p class=\"c-card__text l-stack-xs u-font-body\">\n\t\t\t\t\t\t\t\tVill du bli en del av v\u00e5r skola?\n\t\t\t\t\t\t\t<\/p>\n\t\t\t\t\t\t\n\t\t\t\t\t\t\t\t\t\t\t\t\t<ul class=\"c-card__tags l-stack-grow u-list-none u-pt-md\" aria-label=\"Kategorier\">\n\t\t\t\t\t\t\t\t\t\t\t\t\t\t\t\t\t<li><span class=\"c-tag\" data-variant=\"outline\">Nyheter<\/span><\/li>\n\t\t\t\t\t\t\t\t\t\t\t\t\t\t\t<\/ul>\n\t\t\t\t\t\t\n\t\t\t\t\t\t<div class=\"c-card__icon\">\n\t\t\t\t\t\t\t\t\t\t\t\t\t\t<svg class=\"ams-icon ams-icon--arrow-right\" width=\"32\" height=\"32\" viewbox=\"0 0 32 32\" fill=\"currentColor\" aria-hidden=\"true\" xmlns=\"http:\/\/www.w3.org\/2000\/svg\">\n\t\t\t\t\t\t\t\t\t\t\t\t\t\t\t\t<path d=\"M15.4617 0.252159L14.9567 0.75931C14.6219 1.09545 14.6219 1.64048 14.9567 1.97669L27.7062 14.7806H0.857144C0.383786 14.7806 0 15.166 0 15.6414V16.3587C0 16.8341 0.383786 17.2195 0.857144 17.2195H27.7062L14.9567 30.0234C14.6219 30.3595 14.6219 30.9045 14.9567 31.2407L15.4617 31.7479C15.7964 32.084 16.3392 32.084 16.6739 31.7479L31.749 16.6087C32.0837 16.2725 32.0837 15.7275 31.749 15.3913L16.6739 0.252159C16.3392 -0.084053 15.7964 -0.084053 15.4617 0.252159Z\"\/>\n\t\t\t\t\t\t\t\n\t\t\t\t\t\t\t<\/svg>\n\t\t\t\t\t\t<\/div>\n\t\t\t\t\t<\/div>\n\n\t\t\t\t\t<div class=\"c-card__media \" style=\" \">\n\t\t\t\t\t\t<img decoding=\"async\" width=\"400\" height=\"267\" src=\"https:\/\/klaragymnasium.se\/wp-content\/uploads\/sites\/5\/2023\/05\/klara-ostra-400x267.jpeg\" class=\"attachment-sm size-sm\" alt=\"Elever i ett klassrum\" sizes=\"(min-width: 64em) 300px, (min-width: 48em) calc(.50 * (100vw - 224px)), calc(100vw - 160px)\" srcset=\"https:\/\/klaragymnasium.se\/wp-content\/uploads\/sites\/5\/2023\/05\/klara-ostra-400x267.jpeg 400w, https:\/\/klaragymnasium.se\/wp-content\/uploads\/sites\/5\/2023\/05\/klara-ostra-300x200.jpeg 300w, https:\/\/klaragymnasium.se\/wp-content\/uploads\/sites\/5\/2023\/05\/klara-ostra-600x400.jpeg 600w, https:\/\/klaragymnasium.se\/wp-content\/uploads\/sites\/5\/2023\/05\/klara-ostra-800x534.jpeg 800w, https:\/\/klaragymnasium.se\/wp-content\/uploads\/sites\/5\/2023\/05\/klara-ostra.jpeg 1024w\" \/>\n\t\t\t\t\t<\/div>\n\t\t\t\t<\/article>\n\t\t\t<\/li>\n\t\t\t\t\t\t\t\t\t\t\t\t\t\t\t\t\t\n\t\t\t\n\t\t\t\n\t\t\t<li class=\"l-col-6@md l-col-4@lg \" data-filter=\"nyheter november-2023\">\n\t\t\t\t<article class=\"c-card  has-media-zoom  \" data-variant=\"border\" data-style=\"square\" data-click-area>\n\t\t\t\t\t<div class=\"c-card__content l-stack l-stack-sm\">\n\n\t\t\t\t\t\t\t\t\t\t\t\t\t<time class=\"c-card__date u-font-small\" datetime=\"2023-11-15\">15 november 2023<\/time>\n\t\t\t\t\t\t\n\t\t\t\t\t\t\t\t\t\t\t\t\t<h3 class=\"c-card__title u-font-title-3\">\n\t\t\t\t\t\t\t\t\t\t\t\t\t\t\t\t\t<a class=\"c-card__link\" href=\"https:\/\/klaragymnasium.se\/sthlmostra\/artikel\/mentor-sverige\/\">\n\t\t\t\t\t\t\t\t\t\tBes\u00f6k fr\u00e5n Mentor Sverige\n\t\t\t\t\t\t\t\t\t<\/a>\n\t\t\t\t\t\t\t\t\t\t\t\t\t\t\t<\/h3>\n\t\t\t\t\t\t\n\t\t\t\t\t\t\t\t\t\t\t\t\t<p class=\"c-card__text l-stack-xs u-font-body\">\n\t\t\t\t\t\t\t\tCoacher fr\u00e5n SEB diskuterade motivation &#8230;\n\t\t\t\t\t\t\t<\/p>\n\t\t\t\t\t\t\n\t\t\t\t\t\t\t\t\t\t\t\t\t<ul class=\"c-card__tags l-stack-grow u-list-none u-pt-md\" aria-label=\"Kategorier\">\n\t\t\t\t\t\t\t\t\t\t\t\t\t\t\t\t\t<li><span class=\"c-tag\" data-variant=\"outline\">Nyheter<\/span><\/li>\n\t\t\t\t\t\t\t\t\t\t\t\t\t\t\t<\/ul>\n\t\t\t\t\t\t\n\t\t\t\t\t\t<div class=\"c-card__icon\">\n\t\t\t\t\t\t\t\t\t\t\t\t\t\t<svg class=\"ams-icon ams-icon--arrow-right\" width=\"32\" height=\"32\" viewbox=\"0 0 32 32\" fill=\"currentColor\" aria-hidden=\"true\" xmlns=\"http:\/\/www.w3.org\/2000\/svg\">\n\t\t\t\t\t\t\t\t\t\t\t\t\t\t\t\t<path d=\"M15.4617 0.252159L14.9567 0.75931C14.6219 1.09545 14.6219 1.64048 14.9567 1.97669L27.7062 14.7806H0.857144C0.383786 14.7806 0 15.166 0 15.6414V16.3587C0 16.8341 0.383786 17.2195 0.857144 17.2195H27.7062L14.9567 30.0234C14.6219 30.3595 14.6219 30.9045 14.9567 31.2407L15.4617 31.7479C15.7964 32.084 16.3392 32.084 16.6739 31.7479L31.749 16.6087C32.0837 16.2725 32.0837 15.7275 31.749 15.3913L16.6739 0.252159C16.3392 -0.084053 15.7964 -0.084053 15.4617 0.252159Z\"\/>\n\t\t\t\t\t\t\t\n\t\t\t\t\t\t\t<\/svg>\n\t\t\t\t\t\t<\/div>\n\t\t\t\t\t<\/div>\n\n\t\t\t\t\t<div class=\"c-card__media \" style=\" \">\n\t\t\t\t\t\t<img decoding=\"async\" width=\"400\" height=\"225\" src=\"https:\/\/klaragymnasium.se\/wp-content\/uploads\/sites\/5\/2023\/03\/sam-beteende-gymnasiet-400x225.jpg\" class=\"attachment-sm size-sm\" alt=\"Elever i ett klassrum\" sizes=\"(min-width: 64em) 300px, (min-width: 48em) calc(.50 * (100vw - 224px)), calc(100vw - 160px)\" srcset=\"https:\/\/klaragymnasium.se\/wp-content\/uploads\/sites\/5\/2023\/03\/sam-beteende-gymnasiet-400x225.jpg 400w, https:\/\/klaragymnasium.se\/wp-content\/uploads\/sites\/5\/2023\/03\/sam-beteende-gymnasiet-300x169.jpg 300w, https:\/\/klaragymnasium.se\/wp-content\/uploads\/sites\/5\/2023\/03\/sam-beteende-gymnasiet-600x338.jpg 600w, https:\/\/klaragymnasium.se\/wp-content\/uploads\/sites\/5\/2023\/03\/sam-beteende-gymnasiet-800x450.jpg 800w, https:\/\/klaragymnasium.se\/wp-content\/uploads\/sites\/5\/2023\/03\/sam-beteende-gymnasiet-1024x576.jpg 1024w, https:\/\/klaragymnasium.se\/wp-content\/uploads\/sites\/5\/2023\/03\/sam-beteende-gymnasiet-1200x675.jpg 1200w, https:\/\/klaragymnasium.se\/wp-content\/uploads\/sites\/5\/2023\/03\/sam-beteende-gymnasiet.jpg 1920w\" \/>\n\t\t\t\t\t<\/div>\n\t\t\t\t<\/article>\n\t\t\t<\/li>\n\t\t\t\t\t\t\t\t\t\t\t\t\t\t\t\t\t\n\t\t\t\n\t\t\t\n\t\t\t<li class=\"l-col-6@md l-col-4@lg \" data-filter=\"nyheter mars-2022\">\n\t\t\t\t<article class=\"c-card  has-media-zoom  \" data-variant=\"border\" data-style=\"square\" data-click-area>\n\t\t\t\t\t<div class=\"c-card__content l-stack l-stack-sm\">\n\n\t\t\t\t\t\t\t\t\t\t\t\t\t<time class=\"c-card__date u-font-small\" datetime=\"2022-03-14\">14 mars 2022<\/time>\n\t\t\t\t\t\t\n\t\t\t\t\t\t\t\t\t\t\t\t\t<h3 class=\"c-card__title u-font-title-3\">\n\t\t\t\t\t\t\t\t\t\t\t\t\t\t\t\t\t<a class=\"c-card__link\" href=\"https:\/\/klaragymnasium.se\/sthlmostra\/artikel\/elever-pa-klara-ostra-traffar-nadim-ghazale\/\">\n\t\t\t\t\t\t\t\t\t\tNadim Ghazale p\u00e5 KLARA \n\t\t\t\t\t\t\t\t\t<\/a>\n\t\t\t\t\t\t\t\t\t\t\t\t\t\t\t<\/h3>\n\t\t\t\t\t\t\n\t\t\t\t\t\t\t\t\t\t\t\t\t<p class=\"c-card__text l-stack-xs u-font-body\">\n\t\t\t\t\t\t\t\tPolisen fr\u00e5n Bor\u00e5s inspirerar\n\t\t\t\t\t\t\t<\/p>\n\t\t\t\t\t\t\n\t\t\t\t\t\t\t\t\t\t\t\t\t<ul class=\"c-card__tags l-stack-grow u-list-none u-pt-md\" aria-label=\"Kategorier\">\n\t\t\t\t\t\t\t\t\t\t\t\t\t\t\t\t\t<li><span class=\"c-tag\" data-variant=\"outline\">Nyheter<\/span><\/li>\n\t\t\t\t\t\t\t\t\t\t\t\t\t\t\t<\/ul>\n\t\t\t\t\t\t\n\t\t\t\t\t\t<div class=\"c-card__icon\">\n\t\t\t\t\t\t\t\t\t\t\t\t\t\t<svg class=\"ams-icon ams-icon--arrow-right\" width=\"32\" height=\"32\" viewbox=\"0 0 32 32\" fill=\"currentColor\" aria-hidden=\"true\" xmlns=\"http:\/\/www.w3.org\/2000\/svg\">\n\t\t\t\t\t\t\t\t\t\t\t\t\t\t\t\t<path d=\"M15.4617 0.252159L14.9567 0.75931C14.6219 1.09545 14.6219 1.64048 14.9567 1.97669L27.7062 14.7806H0.857144C0.383786 14.7806 0 15.166 0 15.6414V16.3587C0 16.8341 0.383786 17.2195 0.857144 17.2195H27.7062L14.9567 30.0234C14.6219 30.3595 14.6219 30.9045 14.9567 31.2407L15.4617 31.7479C15.7964 32.084 16.3392 32.084 16.6739 31.7479L31.749 16.6087C32.0837 16.2725 32.0837 15.7275 31.749 15.3913L16.6739 0.252159C16.3392 -0.084053 15.7964 -0.084053 15.4617 0.252159Z\"\/>\n\t\t\t\t\t\t\t\n\t\t\t\t\t\t\t<\/svg>\n\t\t\t\t\t\t<\/div>\n\t\t\t\t\t<\/div>\n\n\t\t\t\t\t<div class=\"c-card__media \" style=\" \">\n\t\t\t\t\t\t<img decoding=\"async\" width=\"400\" height=\"289\" src=\"https:\/\/klaragymnasium.se\/wp-content\/uploads\/sites\/5\/2023\/05\/nadim-ooch-oliverjpegg-400x289.jpeg\" class=\"attachment-sm size-sm\" alt=\"Elever umg\u00e5s i skolans gemensamma lokaler\" sizes=\"(min-width: 64em) 300px, (min-width: 48em) calc(.50 * (100vw - 224px)), calc(100vw - 160px)\" srcset=\"https:\/\/klaragymnasium.se\/wp-content\/uploads\/sites\/5\/2023\/05\/nadim-ooch-oliverjpegg-400x289.jpeg 400w, https:\/\/klaragymnasium.se\/wp-content\/uploads\/sites\/5\/2023\/05\/nadim-ooch-oliverjpegg-300x217.jpeg 300w, https:\/\/klaragymnasium.se\/wp-content\/uploads\/sites\/5\/2023\/05\/nadim-ooch-oliverjpegg-600x434.jpeg 600w, https:\/\/klaragymnasium.se\/wp-content\/uploads\/sites\/5\/2023\/05\/nadim-ooch-oliverjpegg.jpeg 745w\" \/>\n\t\t\t\t\t<\/div>\n\t\t\t\t<\/article>\n\t\t\t<\/li>\n\t\t\t<\/ul>\n\n\t<div class=\"no-results u-mt-0 u-hide\" data-filter-fallback-id=\"ams-article-list-69f5e097f003e\">\n\t<p>Det finns inga resultat som matchar din filtrering.<\/p>\n<\/div>\n\n\t    <div class=\"ams-article__more u-inline-items js-load-more-btn\">\n        <button href=\"#\"\n                class=\"c-btn\"\n                data-style=\"round\"\n                data-size=\"md\"\n                data-width=\"full-mobile\"\n                data-variant=\"outline\">\n        \tVisa fler resultat\n        <\/button>\n    <\/div>\n\n\n\t\t\n\t\t\t<div class=\"ams-article__action u-inline-items\">\n\t\t\t\t\t\t\t\n\n\n<a href=\"https:\/\/klaragymnasium.se\/sthlmostra\/nyheter\/\"\n\t\n\tclass=\"c-btn \"\n\tdata-style=\"round\"\n\tdata-size=\"md\"\n\tdata-width=\"full-mobile\"\n\tdata-variant=\"default\"\n\ttarget=\"_self\">\n\t\t\t<span class=\"label\"> Se alla nyheter<\/span>\n\t\t\t<\/a>\n\t\t\t<\/div>\n\t<\/div>\n\n\t\t\n\n<\/section>\n","protected":false},"template":"","article_category":[5],"yoast_head":"<!-- This site is optimized with the Yoast SEO plugin v22.0 - https:\/\/yoast.com\/wordpress\/plugins\/seo\/ -->\n<title>Gymnasieantagningen har \u00f6ppnat! - Klara Gymnasium Stockholm \u00d6stra<\/title>\n<meta name=\"description\" content=\"Gymnasieantagningen har \u00f6ppnat! Nu har antagningen \u00f6ppnat! \u00c4r du intresserad av att s\u00f6ka till v\u00e5r skola? V\u00e4lkommen till Klara Gymnasium!\" \/>\n<meta name=\"robots\" content=\"index, follow, max-snippet:-1, max-image-preview:large, max-video-preview:-1\" \/>\n<link rel=\"canonical\" href=\"https:\/\/klaragymnasium.se\/sthlmostra\/nyheter\/gymnasieantagningen-har-oppnat\/\" \/>\n<meta property=\"og:locale\" content=\"sv_SE\" \/>\n<meta property=\"og:type\" content=\"article\" \/>\n<meta property=\"og:title\" content=\"Gymnasieantagningen har \u00f6ppnat! - Klara Gymnasium Stockholm \u00d6stra\" \/>\n<meta property=\"og:description\" content=\"Gymnasieantagningen har \u00f6ppnat! Nu har antagningen \u00f6ppnat! \u00c4r du intresserad av att s\u00f6ka till v\u00e5r skola? V\u00e4lkommen till Klara Gymnasium!\" \/>\n<meta property=\"og:url\" content=\"https:\/\/klaragymnasium.se\/sthlmostra\/nyheter\/gymnasieantagningen-har-oppnat\/\" \/>\n<meta property=\"og:site_name\" content=\"Stockholm \u00d6stra\" \/>\n<meta property=\"article:modified_time\" content=\"2024-01-15T07:09:11+00:00\" \/>\n<meta name=\"twitter:card\" content=\"summary_large_image\" \/>\n<meta name=\"twitter:title\" content=\"Gymnasieantagningen har \u00f6ppnat! - Klara Gymnasium Stockholm \u00d6stra\" \/>\n<meta name=\"twitter:description\" content=\"Gymnasieantagningen har \u00f6ppnat! Nu har antagningen \u00f6ppnat! \u00c4r du intresserad av att s\u00f6ka till v\u00e5r skola? V\u00e4lkommen till Klara Gymnasium!\" \/>\n<meta name=\"twitter:image\" content=\"https:\/\/klaragymnasium.se\/wp-content\/uploads\/sites\/5\/2023\/05\/klara-ostra-1024x630.jpeg\" \/>\n<meta name=\"twitter:label1\" content=\"Est. reading time\" \/>\n\t<meta name=\"twitter:data1\" content=\"1 minut\" \/>\n<script type=\"application\/ld+json\" class=\"yoast-schema-graph\">{\"@context\":\"https:\/\/schema.org\",\"@graph\":[{\"@type\":\"WebPage\",\"@id\":\"https:\/\/klaragymnasium.se\/sthlmostra\/nyheter\/gymnasieantagningen-har-oppnat\/\",\"url\":\"https:\/\/klaragymnasium.se\/sthlmostra\/nyheter\/gymnasieantagningen-har-oppnat\/\",\"name\":\"Gymnasieantagningen har \u00f6ppnat! - Klara Gymnasium Stockholm \u00d6stra\",\"isPartOf\":{\"@id\":\"https:\/\/klaragymnasium.se\/sthlmostra\/#website\"},\"datePublished\":\"2024-01-15T06:00:00+00:00\",\"dateModified\":\"2024-01-15T07:09:11+00:00\",\"description\":\"Gymnasieantagningen har \u00f6ppnat! Nu har antagningen \u00f6ppnat! \u00c4r du intresserad av att s\u00f6ka till v\u00e5r skola? V\u00e4lkommen till Klara Gymnasium!\",\"breadcrumb\":{\"@id\":\"https:\/\/klaragymnasium.se\/sthlmostra\/nyheter\/gymnasieantagningen-har-oppnat\/#breadcrumb\"},\"inLanguage\":\"sv-SE\",\"potentialAction\":[{\"@type\":\"ReadAction\",\"target\":[\"https:\/\/klaragymnasium.se\/sthlmostra\/nyheter\/gymnasieantagningen-har-oppnat\/\"]}]},{\"@type\":\"BreadcrumbList\",\"@id\":\"https:\/\/klaragymnasium.se\/sthlmostra\/nyheter\/gymnasieantagningen-har-oppnat\/#breadcrumb\",\"itemListElement\":[{\"@type\":\"ListItem\",\"position\":1,\"name\":\"Start\",\"item\":\"https:\/\/klaragymnasium.se\/sthlmostra\"},{\"@type\":\"ListItem\",\"position\":2,\"name\":\"Nyheter\"}]},{\"@type\":\"WebSite\",\"@id\":\"https:\/\/klaragymnasium.se\/sthlmostra\/#website\",\"url\":\"https:\/\/klaragymnasium.se\/sthlmostra\/\",\"name\":\"Stockholm \u00d6stra\",\"description\":\"Just another WordPress site\",\"potentialAction\":[{\"@type\":\"SearchAction\",\"target\":{\"@type\":\"EntryPoint\",\"urlTemplate\":\"https:\/\/klaragymnasium.se\/sthlmostra\/?s={search_term_string}\"},\"query-input\":\"required name=search_term_string\"}],\"inLanguage\":\"sv-SE\"}]}<\/script>\n<!-- \/ Yoast SEO plugin. -->","yoast_head_json":{"title":"Gymnasieantagningen har \u00f6ppnat! - Klara Gymnasium Stockholm \u00d6stra","description":"Gymnasieantagningen har \u00f6ppnat! Nu har antagningen \u00f6ppnat! \u00c4r du intresserad av att s\u00f6ka till v\u00e5r skola? V\u00e4lkommen till Klara Gymnasium!","robots":{"index":"index","follow":"follow","max-snippet":"max-snippet:-1","max-image-preview":"max-image-preview:large","max-video-preview":"max-video-preview:-1"},"canonical":"https:\/\/klaragymnasium.se\/sthlmostra\/nyheter\/gymnasieantagningen-har-oppnat\/","og_locale":"sv_SE","og_type":"article","og_title":"Gymnasieantagningen har \u00f6ppnat! - Klara Gymnasium Stockholm \u00d6stra","og_description":"Gymnasieantagningen har \u00f6ppnat! Nu har antagningen \u00f6ppnat! \u00c4r du intresserad av att s\u00f6ka till v\u00e5r skola? V\u00e4lkommen till Klara Gymnasium!","og_url":"https:\/\/klaragymnasium.se\/sthlmostra\/nyheter\/gymnasieantagningen-har-oppnat\/","og_site_name":"Stockholm \u00d6stra","article_modified_time":"2024-01-15T07:09:11+00:00","twitter_card":"summary_large_image","twitter_title":"Gymnasieantagningen har \u00f6ppnat! - Klara Gymnasium Stockholm \u00d6stra","twitter_description":"Gymnasieantagningen har \u00f6ppnat! Nu har antagningen \u00f6ppnat! \u00c4r du intresserad av att s\u00f6ka till v\u00e5r skola? V\u00e4lkommen till Klara Gymnasium!","twitter_image":"https:\/\/klaragymnasium.se\/wp-content\/uploads\/sites\/5\/2023\/05\/klara-ostra-1024x630.jpeg","twitter_misc":{"Est. reading time":"1 minut"},"schema":{"@context":"https:\/\/schema.org","@graph":[{"@type":"WebPage","@id":"https:\/\/klaragymnasium.se\/sthlmostra\/nyheter\/gymnasieantagningen-har-oppnat\/","url":"https:\/\/klaragymnasium.se\/sthlmostra\/nyheter\/gymnasieantagningen-har-oppnat\/","name":"Gymnasieantagningen har \u00f6ppnat! - Klara Gymnasium Stockholm \u00d6stra","isPartOf":{"@id":"https:\/\/klaragymnasium.se\/sthlmostra\/#website"},"datePublished":"2024-01-15T06:00:00+00:00","dateModified":"2024-01-15T07:09:11+00:00","description":"Gymnasieantagningen har \u00f6ppnat! Nu har antagningen \u00f6ppnat! \u00c4r du intresserad av att s\u00f6ka till v\u00e5r skola? V\u00e4lkommen till Klara Gymnasium!","breadcrumb":{"@id":"https:\/\/klaragymnasium.se\/sthlmostra\/nyheter\/gymnasieantagningen-har-oppnat\/#breadcrumb"},"inLanguage":"sv-SE","potentialAction":[{"@type":"ReadAction","target":["https:\/\/klaragymnasium.se\/sthlmostra\/nyheter\/gymnasieantagningen-har-oppnat\/"]}]},{"@type":"BreadcrumbList","@id":"https:\/\/klaragymnasium.se\/sthlmostra\/nyheter\/gymnasieantagningen-har-oppnat\/#breadcrumb","itemListElement":[{"@type":"ListItem","position":1,"name":"Start","item":"https:\/\/klaragymnasium.se\/sthlmostra"},{"@type":"ListItem","position":2,"name":"Nyheter"}]},{"@type":"WebSite","@id":"https:\/\/klaragymnasium.se\/sthlmostra\/#website","url":"https:\/\/klaragymnasium.se\/sthlmostra\/","name":"Stockholm \u00d6stra","description":"Just another WordPress site","potentialAction":[{"@type":"SearchAction","target":{"@type":"EntryPoint","urlTemplate":"https:\/\/klaragymnasium.se\/sthlmostra\/?s={search_term_string}"},"query-input":"required name=search_term_string"}],"inLanguage":"sv-SE"}]}},"_links":{"self":[{"href":"https:\/\/klaragymnasium.se\/sthlmostra\/wp-json\/wp\/v2\/article\/1990"}],"collection":[{"href":"https:\/\/klaragymnasium.se\/sthlmostra\/wp-json\/wp\/v2\/article"}],"about":[{"href":"https:\/\/klaragymnasium.se\/sthlmostra\/wp-json\/wp\/v2\/types\/article"}],"wp:attachment":[{"href":"https:\/\/klaragymnasium.se\/sthlmostra\/wp-json\/wp\/v2\/media?parent=1990"}],"wp:term":[{"taxonomy":"article_category","embeddable":true,"href":"https:\/\/klaragymnasium.se\/sthlmostra\/wp-json\/wp\/v2\/article_category?post=1990"}],"curies":[{"name":"wp","href":"https:\/\/api.w.org\/{rel}","templated":true}]}}