{"id":2009,"date":"2024-01-15T07:00:00","date_gmt":"2024-01-15T06:00:00","guid":{"rendered":"https:\/\/klaragymnasium.se\/linkoping\/?post_type=article&#038;p=2009"},"modified":"2024-01-04T14:51:11","modified_gmt":"2024-01-04T13:51:11","slug":"gymnasieantagningen-har-oppnat","status":"publish","type":"article","link":"https:\/\/klaragymnasium.se\/linkoping\/artikel\/gymnasieantagningen-har-oppnat\/","title":{"rendered":"Gymnasieantagningen har \u00f6ppnat!"},"content":{"rendered":"\n<div class=\"wp-block-columns is-layout-flex wp-container-core-columns-layout-1 wp-block-columns-is-layout-flex\">\n<div class=\"wp-block-column is-layout-flow wp-block-column-is-layout-flow\" style=\"flex-basis:15%\"><\/div>\n\n\n\n<div class=\"wp-block-column is-layout-flow wp-block-column-is-layout-flow\" style=\"flex-basis:70%\">\t<div\n\t\t class=\"module_wrapper container-fluid images-module\" >\n\t\t<div class=\"row\">\n\t\t\t<div\n\t\t\t\t\tclass=\"col-12 m-0 p-0 position-relative images_module__slideshow images_module__slideshow-container module-expand \">\n\n\t\t\t\t<div class=\"images_module__slide \" data-slide=\"\"\n\t\t\t\t\t data-duration=\"\"><\/div>\n\t\t\t\t\t\t\t\t\t<div\n\t\t\t\t\t\t class=\"images_module__slides \">\n\n\n\t\t\t\t\t\t<div class=\"images__wrapper\"\n\t\t\t\t\t\t\t style=\"aspect-ratio: 851 \/ 531;\">\n\t\t\t\t\t\t\t<img decoding=\"async\" width=\"768\" height=\"512\" src=\"https:\/\/klaragymnasium.se\/wp-content\/uploads\/sites\/7\/2023\/05\/klara-linkoping.jpeg\" class=\"images__image_ratio  \" alt=\"Elever i ett klassrum\" style=\"aspect-ratio: 851 \/ 531;object-position: center top;\" srcset=\"https:\/\/klaragymnasium.se\/wp-content\/uploads\/sites\/7\/2023\/05\/klara-linkoping.jpeg 768w, https:\/\/klaragymnasium.se\/wp-content\/uploads\/sites\/7\/2023\/05\/klara-linkoping-300x200.jpeg 300w, https:\/\/klaragymnasium.se\/wp-content\/uploads\/sites\/7\/2023\/05\/klara-linkoping-400x267.jpeg 400w, https:\/\/klaragymnasium.se\/wp-content\/uploads\/sites\/7\/2023\/05\/klara-linkoping-600x400.jpeg 600w\" sizes=\"(max-width: 768px) 100vw, 768px\" \/>\t\t\t\t\t\t<\/div>\n\n\t\t\t\t\t\t\n\t\t\t\t\t\t\t\t\t\t\t<\/div>\n\t\t\t\t\n\t\t\t\t<div class=\"images_module__container_dot \">\n\t\t\t\t\t<div style=\"text-align:center\">\n\t\t\t\t\t\t\t\t\t\t\t\t\t<span   data-i=\"0\"\n\t\t\t\t\t\t\t\t  class=\"images_module__dot\n\t\t\t\t\t\t\t\t\t\t\t\t\t  \"><\/span>\n\t\t\t\t\t\t\t\t\t\t\t<\/div>\n\t\t\t\t<\/div>\n\n\t\t\t<\/div>\n\t\t<\/div>\n\t<\/div>\n\n\n\t\n\n\n<script>\n\tvar images_display_descriptive_text = \"\";\n<\/script>\n\n\n\n<p><meta charset=\"utf-8\"><\/p>\n\n\n\n<h1 class=\"wp-block-heading\">Gymnasieantagningen har \u00f6ppnat!<\/h1>\n\n\n\n<p   class=\"site__ingress container text-left  site__text-color--dark  site__free_text--ingress p-0\">\n\tNu har antagningen \u00f6ppnat! \u00c4r du intresserad av att s\u00f6ka till Klara Teoretiska Gymnasiet Link\u00f6ping?<\/p>\n\n\n\n\n\n<p>F\u00f6r att s\u00f6ka till KLARA Link\u00f6ping g\u00e5r du in p\u00e5 <a href=\"https:\/\/login.gymnasiestudera.se\/gymnasieintag\/inloggning2.asp\" target=\"_blank\" rel=\"noreferrer noopener\">ans\u00f6kningswebben<\/a> och g\u00f6r din ans\u00f6kan senast den 15 februari. D\u00e4r hittar du \u00e4ven mer information om hur ans\u00f6kningsprocessen g\u00e5r till och andra viktiga datum att ha koll p\u00e5 kopplat till ditt gymnasieval!<\/p>\n\n\n\n<p>Vill du veta mer om v\u00e5r skola? Du kan ta del av v\u00e5r <a href=\"https:\/\/www.youtube.com\/watch?v=I-ttwOLXaDU\" target=\"_blank\" rel=\"noreferrer noopener\">skolfilm<\/a> d\u00e4r v\u00e5ra elever ber\u00e4ttar om hur det \u00e4r att g\u00e5 p\u00e5 KLARA och du kan \u00e4ven l\u00e4sa mer om <a href=\"https:\/\/klaragymnasium.se\/linkoping\/gymnasieprogram\/\">v\u00e5ra program<\/a>.<\/p>\n\n\n\n<p>Vi hoppas att detta ska ge dig en klarare bild av vilka vi \u00e4r och g\u00f6ra ditt gymnasieval lite l\u00e4ttare!<\/p>\n<\/div>\n\n\n\n<div class=\"wp-block-column is-layout-flow wp-block-column-is-layout-flow\" style=\"flex-basis:15%\"><\/div>\n<\/div>\n\n\n\n\n\n<section  class=\"ams-article c-block l-stacked js-load-more\" data-color-scheme=\"bakgrund-card-primar1-light-hover-standard_standard\" data-count=\"3\" data-count-mobile=\"3\">\n\t<div class=\"l-container l-stack l-stack-fluid-2xl u-pt-fluid-3xl-6xl u-pb-fluid-3xl-6xl is-center is-center@md\">\n\t\t\t\t\t<div class=\"ams-article__intro l-stack l-stack-lg\">\n\t\t\t\t\t\n\t<h2\n\tclass=\"c-heading u-font-title-1 \"\n\tstyle=\"\">\n\t\t\n\t\t\t\t\tNyheter\n\t\t\t\t\n\t<\/h2>\n\n\t\t\t\t\t\t\t<\/div>\n\t\t\n\t\t\t\n\t    \n\t\n\t<ul id=\"ams-article-list-69f351f36f5e0\" class=\"ams-article__list l-grid u-gap-2xl u-justify-center js-results \" aria-label=\"Artiklar\" data-filter-animation=\"off\">\n\t\t\t\t\t\t\t\t\t\t\t\t\t\t\t\t\t\n\t\t\t\n\t\t\t\n\t\t\t<li class=\"l-col-6@md l-col-4@lg \" data-filter=\"elevintervjuer nyheter september-2025\">\n\t\t\t\t<article class=\"c-card  has-media-zoom  \" data-variant=\"border\" data-style=\"square\" data-click-area>\n\t\t\t\t\t<div class=\"c-card__content l-stack l-stack-sm\">\n\n\t\t\t\t\t\t\t\t\t\t\t\t\t<time class=\"c-card__date u-font-small\" datetime=\"2025-09-29\">29 september 2025<\/time>\n\t\t\t\t\t\t\n\t\t\t\t\t\t\t\t\t\t\t\t\t<h3 class=\"c-card__title u-font-title-3\">\n\t\t\t\t\t\t\t\t\t\t\t\t\t\t\t\t\t<a class=\"c-card__link\" href=\"https:\/\/klaragymnasium.se\/linkoping\/artikel\/lokal\/arina-om-naturvetenskapsprogrammet\">\n\t\t\t\t\t\t\t\t\t\tArina om naturvetenskaps\u00adprogrammet\n\t\t\t\t\t\t\t\t\t<\/a>\n\t\t\t\t\t\t\t\t\t\t\t\t\t\t\t<\/h3>\n\t\t\t\t\t\t\n\t\t\t\t\t\t\t\t\t\t\t\t\t<p class=\"c-card__text l-stack-xs u-font-body\">\n\t\t\t\t\t\t\t\tArina ber\u00e4ttar om naturvetenskapsprogrammet och om den v\u00e4lkomnade och \u00f6ppna st\u00e4mningen p\u00e5 skolan som skapar trygghet.\u00a0\n\t\t\t\t\t\t\t<\/p>\n\t\t\t\t\t\t\n\t\t\t\t\t\t\t\t\t\t\t\t\t<ul class=\"c-card__tags l-stack-grow u-list-none u-pt-md\" aria-label=\"Kategorier\">\n\t\t\t\t\t\t\t\t\t\t\t\t\t\t\t\t\t<li><span class=\"c-tag\" data-variant=\"outline\">Elevintervjuer<\/span><\/li>\n\t\t\t\t\t\t\t\t\t\t\t\t\t\t\t\t\t<li><span class=\"c-tag\" data-variant=\"outline\">Nyheter<\/span><\/li>\n\t\t\t\t\t\t\t\t\t\t\t\t\t\t\t<\/ul>\n\t\t\t\t\t\t\n\t\t\t\t\t\t<div class=\"c-card__icon\">\n\t\t\t\t\t\t\t\t\t\t\t\t\t\t<svg class=\"ams-icon ams-icon--arrow-right\" width=\"32\" height=\"32\" viewbox=\"0 0 32 32\" fill=\"currentColor\" aria-hidden=\"true\" xmlns=\"http:\/\/www.w3.org\/2000\/svg\">\n\t\t\t\t\t\t\t\t\t\t\t\t\t\t\t\t<path d=\"M15.4617 0.252159L14.9567 0.75931C14.6219 1.09545 14.6219 1.64048 14.9567 1.97669L27.7062 14.7806H0.857144C0.383786 14.7806 0 15.166 0 15.6414V16.3587C0 16.8341 0.383786 17.2195 0.857144 17.2195H27.7062L14.9567 30.0234C14.6219 30.3595 14.6219 30.9045 14.9567 31.2407L15.4617 31.7479C15.7964 32.084 16.3392 32.084 16.6739 31.7479L31.749 16.6087C32.0837 16.2725 32.0837 15.7275 31.749 15.3913L16.6739 0.252159C16.3392 -0.084053 15.7964 -0.084053 15.4617 0.252159Z\"\/>\n\t\t\t\t\t\t\t\n\t\t\t\t\t\t\t<\/svg>\n\t\t\t\t\t\t<\/div>\n\t\t\t\t\t<\/div>\n\n\t\t\t\t\t<div class=\"c-card__media \" style=\" \">\n\t\t\t\t\t\t<img decoding=\"async\" width=\"400\" height=\"399\" src=\"https:\/\/klaragymnasium.se\/wp-content\/uploads\/2025\/03\/klarasundsvall202410-202910tryck196-scaled-e1756888319566-400x399.jpg\" class=\"attachment-sm size-sm\" alt=\"Portr\u00e4ttbild Arina.\" sizes=\"(min-width: 64em) 300px, (min-width: 48em) calc(.50 * (100vw - 224px)), calc(100vw - 160px)\" srcset=\"https:\/\/klaragymnasium.se\/wp-content\/uploads\/2025\/03\/klarasundsvall202410-202910tryck196-scaled-e1756888319566-400x399.jpg 400w, https:\/\/klaragymnasium.se\/wp-content\/uploads\/2025\/03\/klarasundsvall202410-202910tryck196-scaled-e1756888319566-150x150.jpg 150w, https:\/\/klaragymnasium.se\/wp-content\/uploads\/2025\/03\/klarasundsvall202410-202910tryck196-scaled-e1756888319566-300x299.jpg 300w, https:\/\/klaragymnasium.se\/wp-content\/uploads\/2025\/03\/klarasundsvall202410-202910tryck196-scaled-e1756888319566-600x599.jpg 600w, https:\/\/klaragymnasium.se\/wp-content\/uploads\/2025\/03\/klarasundsvall202410-202910tryck196-scaled-e1756888319566-800x798.jpg 800w, https:\/\/klaragymnasium.se\/wp-content\/uploads\/2025\/03\/klarasundsvall202410-202910tryck196-scaled-e1756888319566-1024x1022.jpg 1024w, https:\/\/klaragymnasium.se\/wp-content\/uploads\/2025\/03\/klarasundsvall202410-202910tryck196-scaled-e1756888319566-1200x1197.jpg 1200w, https:\/\/klaragymnasium.se\/wp-content\/uploads\/2025\/03\/klarasundsvall202410-202910tryck196-scaled-e1756888319566.jpg 1706w\" \/>\n\t\t\t\t\t<\/div>\n\t\t\t\t<\/article>\n\t\t\t<\/li>\n\t\t\t\t\t\t\t\t\t\t\t\t\t\t\t\t\t\n\t\t\t\n\t\t\t\n\t\t\t<li class=\"l-col-6@md l-col-4@lg \" data-filter=\"elevintervjuer nyheter september-2025\">\n\t\t\t\t<article class=\"c-card  has-media-zoom  \" data-variant=\"border\" data-style=\"square\" data-click-area>\n\t\t\t\t\t<div class=\"c-card__content l-stack l-stack-sm\">\n\n\t\t\t\t\t\t\t\t\t\t\t\t\t<time class=\"c-card__date u-font-small\" datetime=\"2025-09-26\">26 september 2025<\/time>\n\t\t\t\t\t\t\n\t\t\t\t\t\t\t\t\t\t\t\t\t<h3 class=\"c-card__title u-font-title-3\">\n\t\t\t\t\t\t\t\t\t\t\t\t\t\t\t\t\t<a class=\"c-card__link\" href=\"https:\/\/klaragymnasium.se\/linkoping\/artikel\/lokal\/evet-om-forsaljnings-och-serviceprogrammet\">\n\t\t\t\t\t\t\t\t\t\tEvet om f\u00f6rs\u00e4ljnings- och serviceprogrammet\n\t\t\t\t\t\t\t\t\t<\/a>\n\t\t\t\t\t\t\t\t\t\t\t\t\t\t\t<\/h3>\n\t\t\t\t\t\t\n\t\t\t\t\t\t\t\t\t\t\t\t\t<p class=\"c-card__text l-stack-xs u-font-body\">\n\t\t\t\t\t\t\t\tH\u00e4r ber\u00e4ttar Evet om f\u00f6rs\u00e4ljnings- och serviceprogrammet, och varf\u00f6r KLARA \u00e4r en skola d\u00e4r man verkligen v\u00e5gar vara sig sj\u00e4lv!\n\t\t\t\t\t\t\t<\/p>\n\t\t\t\t\t\t\n\t\t\t\t\t\t\t\t\t\t\t\t\t<ul class=\"c-card__tags l-stack-grow u-list-none u-pt-md\" aria-label=\"Kategorier\">\n\t\t\t\t\t\t\t\t\t\t\t\t\t\t\t\t\t<li><span class=\"c-tag\" data-variant=\"outline\">Elevintervjuer<\/span><\/li>\n\t\t\t\t\t\t\t\t\t\t\t\t\t\t\t\t\t<li><span class=\"c-tag\" data-variant=\"outline\">Nyheter<\/span><\/li>\n\t\t\t\t\t\t\t\t\t\t\t\t\t\t\t<\/ul>\n\t\t\t\t\t\t\n\t\t\t\t\t\t<div class=\"c-card__icon\">\n\t\t\t\t\t\t\t\t\t\t\t\t\t\t<svg class=\"ams-icon ams-icon--arrow-right\" width=\"32\" height=\"32\" viewbox=\"0 0 32 32\" fill=\"currentColor\" aria-hidden=\"true\" xmlns=\"http:\/\/www.w3.org\/2000\/svg\">\n\t\t\t\t\t\t\t\t\t\t\t\t\t\t\t\t<path d=\"M15.4617 0.252159L14.9567 0.75931C14.6219 1.09545 14.6219 1.64048 14.9567 1.97669L27.7062 14.7806H0.857144C0.383786 14.7806 0 15.166 0 15.6414V16.3587C0 16.8341 0.383786 17.2195 0.857144 17.2195H27.7062L14.9567 30.0234C14.6219 30.3595 14.6219 30.9045 14.9567 31.2407L15.4617 31.7479C15.7964 32.084 16.3392 32.084 16.6739 31.7479L31.749 16.6087C32.0837 16.2725 32.0837 15.7275 31.749 15.3913L16.6739 0.252159C16.3392 -0.084053 15.7964 -0.084053 15.4617 0.252159Z\"\/>\n\t\t\t\t\t\t\t\n\t\t\t\t\t\t\t<\/svg>\n\t\t\t\t\t\t<\/div>\n\t\t\t\t\t<\/div>\n\n\t\t\t\t\t<div class=\"c-card__media \" style=\" \">\n\t\t\t\t\t\t<img decoding=\"async\" width=\"400\" height=\"451\" src=\"https:\/\/klaragymnasium.se\/wp-content\/uploads\/2025\/09\/academedia-klaragrafikeriet-2025-web500kb74-e1756897490579-400x451.jpg\" class=\"attachment-sm size-sm\" alt=\"Portr\u00e4ttbild p\u00e5 Evet\" sizes=\"(min-width: 64em) 300px, (min-width: 48em) calc(.50 * (100vw - 224px)), calc(100vw - 160px)\" srcset=\"https:\/\/klaragymnasium.se\/wp-content\/uploads\/2025\/09\/academedia-klaragrafikeriet-2025-web500kb74-e1756897490579-400x451.jpg 400w, https:\/\/klaragymnasium.se\/wp-content\/uploads\/2025\/09\/academedia-klaragrafikeriet-2025-web500kb74-e1756897490579-300x338.jpg 300w, https:\/\/klaragymnasium.se\/wp-content\/uploads\/2025\/09\/academedia-klaragrafikeriet-2025-web500kb74-e1756897490579-600x676.jpg 600w, https:\/\/klaragymnasium.se\/wp-content\/uploads\/2025\/09\/academedia-klaragrafikeriet-2025-web500kb74-e1756897490579-800x902.jpg 800w, https:\/\/klaragymnasium.se\/wp-content\/uploads\/2025\/09\/academedia-klaragrafikeriet-2025-web500kb74-e1756897490579-1024x1154.jpg 1024w, https:\/\/klaragymnasium.se\/wp-content\/uploads\/2025\/09\/academedia-klaragrafikeriet-2025-web500kb74-e1756897490579-1200x1352.jpg 1200w, https:\/\/klaragymnasium.se\/wp-content\/uploads\/2025\/09\/academedia-klaragrafikeriet-2025-web500kb74-e1756897490579.jpg 1638w\" \/>\n\t\t\t\t\t<\/div>\n\t\t\t\t<\/article>\n\t\t\t<\/li>\n\t\t\t\t\t\t\t\t\t\t\t\t\t\t\t\t\t\n\t\t\t\n\t\t\t\n\t\t\t<li class=\"l-col-6@md l-col-4@lg \" data-filter=\"elevintervjuer nyheter september-2025\">\n\t\t\t\t<article class=\"c-card  has-media-zoom  \" data-variant=\"border\" data-style=\"square\" data-click-area>\n\t\t\t\t\t<div class=\"c-card__content l-stack l-stack-sm\">\n\n\t\t\t\t\t\t\t\t\t\t\t\t\t<time class=\"c-card__date u-font-small\" datetime=\"2025-09-24\">24 september 2025<\/time>\n\t\t\t\t\t\t\n\t\t\t\t\t\t\t\t\t\t\t\t\t<h3 class=\"c-card__title u-font-title-3\">\n\t\t\t\t\t\t\t\t\t\t\t\t\t\t\t\t\t<a class=\"c-card__link\" href=\"https:\/\/klaragymnasium.se\/linkoping\/artikel\/lokal\/julia-om-samhallsvetenskapsprogrammet\">\n\t\t\t\t\t\t\t\t\t\tJulia om samh\u00e4llsvetenskaps\u00adprogrammet\n\t\t\t\t\t\t\t\t\t<\/a>\n\t\t\t\t\t\t\t\t\t\t\t\t\t\t\t<\/h3>\n\t\t\t\t\t\t\n\t\t\t\t\t\t\t\t\t\t\t\t\t<p class=\"c-card__text l-stack-xs u-font-body\">\n\t\t\t\t\t\t\t\tJulia ber\u00e4ttar om samh\u00e4llsvetenskapsprogrammet och vad som s\u00e4rskiljer KLARA som skola.\u00a0\n\t\t\t\t\t\t\t<\/p>\n\t\t\t\t\t\t\n\t\t\t\t\t\t\t\t\t\t\t\t\t<ul class=\"c-card__tags l-stack-grow u-list-none u-pt-md\" aria-label=\"Kategorier\">\n\t\t\t\t\t\t\t\t\t\t\t\t\t\t\t\t\t<li><span class=\"c-tag\" data-variant=\"outline\">Elevintervjuer<\/span><\/li>\n\t\t\t\t\t\t\t\t\t\t\t\t\t\t\t\t\t<li><span class=\"c-tag\" data-variant=\"outline\">Nyheter<\/span><\/li>\n\t\t\t\t\t\t\t\t\t\t\t\t\t\t\t<\/ul>\n\t\t\t\t\t\t\n\t\t\t\t\t\t<div class=\"c-card__icon\">\n\t\t\t\t\t\t\t\t\t\t\t\t\t\t<svg class=\"ams-icon ams-icon--arrow-right\" width=\"32\" height=\"32\" viewbox=\"0 0 32 32\" fill=\"currentColor\" aria-hidden=\"true\" xmlns=\"http:\/\/www.w3.org\/2000\/svg\">\n\t\t\t\t\t\t\t\t\t\t\t\t\t\t\t\t<path d=\"M15.4617 0.252159L14.9567 0.75931C14.6219 1.09545 14.6219 1.64048 14.9567 1.97669L27.7062 14.7806H0.857144C0.383786 14.7806 0 15.166 0 15.6414V16.3587C0 16.8341 0.383786 17.2195 0.857144 17.2195H27.7062L14.9567 30.0234C14.6219 30.3595 14.6219 30.9045 14.9567 31.2407L15.4617 31.7479C15.7964 32.084 16.3392 32.084 16.6739 31.7479L31.749 16.6087C32.0837 16.2725 32.0837 15.7275 31.749 15.3913L16.6739 0.252159C16.3392 -0.084053 15.7964 -0.084053 15.4617 0.252159Z\"\/>\n\t\t\t\t\t\t\t\n\t\t\t\t\t\t\t<\/svg>\n\t\t\t\t\t\t<\/div>\n\t\t\t\t\t<\/div>\n\n\t\t\t\t\t<div class=\"c-card__media \" style=\" \">\n\t\t\t\t\t\t<img decoding=\"async\" width=\"400\" height=\"381\" src=\"https:\/\/klaragymnasium.se\/wp-content\/uploads\/2025\/09\/klarasundsvall202410-202910webb190-e1756891171568-400x381.jpg\" class=\"attachment-sm size-sm\" alt=\"Portr\u00e4ttbild p\u00e5 Julia Dahlin.\" sizes=\"(min-width: 64em) 300px, (min-width: 48em) calc(.50 * (100vw - 224px)), calc(100vw - 160px)\" srcset=\"https:\/\/klaragymnasium.se\/wp-content\/uploads\/2025\/09\/klarasundsvall202410-202910webb190-e1756891171568-400x381.jpg 400w, https:\/\/klaragymnasium.se\/wp-content\/uploads\/2025\/09\/klarasundsvall202410-202910webb190-e1756891171568-300x286.jpg 300w, https:\/\/klaragymnasium.se\/wp-content\/uploads\/2025\/09\/klarasundsvall202410-202910webb190-e1756891171568-600x571.jpg 600w, https:\/\/klaragymnasium.se\/wp-content\/uploads\/2025\/09\/klarasundsvall202410-202910webb190-e1756891171568-800x761.jpg 800w, https:\/\/klaragymnasium.se\/wp-content\/uploads\/2025\/09\/klarasundsvall202410-202910webb190-e1756891171568-1024x975.jpg 1024w, https:\/\/klaragymnasium.se\/wp-content\/uploads\/2025\/09\/klarasundsvall202410-202910webb190-e1756891171568-1200x1142.jpg 1200w, https:\/\/klaragymnasium.se\/wp-content\/uploads\/2025\/09\/klarasundsvall202410-202910webb190-e1756891171568.jpg 1638w\" \/>\n\t\t\t\t\t<\/div>\n\t\t\t\t<\/article>\n\t\t\t<\/li>\n\t\t\t\t\t\t\t\t\t\t\t\t\t\t\t\t\t\n\t\t\t\n\t\t\t\n\t\t\t<li class=\"l-col-6@md l-col-4@lg \" data-filter=\"elevintervjuer nyheter september-2025\">\n\t\t\t\t<article class=\"c-card  has-media-zoom  \" data-variant=\"border\" data-style=\"square\" data-click-area>\n\t\t\t\t\t<div class=\"c-card__content l-stack l-stack-sm\">\n\n\t\t\t\t\t\t\t\t\t\t\t\t\t<time class=\"c-card__date u-font-small\" datetime=\"2025-09-22\">22 september 2025<\/time>\n\t\t\t\t\t\t\n\t\t\t\t\t\t\t\t\t\t\t\t\t<h3 class=\"c-card__title u-font-title-3\">\n\t\t\t\t\t\t\t\t\t\t\t\t\t\t\t\t\t<a class=\"c-card__link\" href=\"https:\/\/klaragymnasium.se\/linkoping\/artikel\/lokal\/nawez-om-samhallsvetenskapsprogrammet\">\n\t\t\t\t\t\t\t\t\t\tNawez om samh\u00e4llsvetenskaps\u00adprogrammet\n\t\t\t\t\t\t\t\t\t<\/a>\n\t\t\t\t\t\t\t\t\t\t\t\t\t\t\t<\/h3>\n\t\t\t\t\t\t\n\t\t\t\t\t\t\t\t\t\t\t\t\t<p class=\"c-card__text l-stack-xs u-font-body\">\n\t\t\t\t\t\t\t\tNawez ber\u00e4ttar om samh\u00e4llsvetenskapsprogrammet och ger sina b\u00e4sta tips till dem som ska g\u00f6ra sitt gymnasieval.\n\t\t\t\t\t\t\t<\/p>\n\t\t\t\t\t\t\n\t\t\t\t\t\t\t\t\t\t\t\t\t<ul class=\"c-card__tags l-stack-grow u-list-none u-pt-md\" aria-label=\"Kategorier\">\n\t\t\t\t\t\t\t\t\t\t\t\t\t\t\t\t\t<li><span class=\"c-tag\" data-variant=\"outline\">Elevintervjuer<\/span><\/li>\n\t\t\t\t\t\t\t\t\t\t\t\t\t\t\t\t\t<li><span class=\"c-tag\" data-variant=\"outline\">Nyheter<\/span><\/li>\n\t\t\t\t\t\t\t\t\t\t\t\t\t\t\t<\/ul>\n\t\t\t\t\t\t\n\t\t\t\t\t\t<div class=\"c-card__icon\">\n\t\t\t\t\t\t\t\t\t\t\t\t\t\t<svg class=\"ams-icon ams-icon--arrow-right\" width=\"32\" height=\"32\" viewbox=\"0 0 32 32\" fill=\"currentColor\" aria-hidden=\"true\" xmlns=\"http:\/\/www.w3.org\/2000\/svg\">\n\t\t\t\t\t\t\t\t\t\t\t\t\t\t\t\t<path d=\"M15.4617 0.252159L14.9567 0.75931C14.6219 1.09545 14.6219 1.64048 14.9567 1.97669L27.7062 14.7806H0.857144C0.383786 14.7806 0 15.166 0 15.6414V16.3587C0 16.8341 0.383786 17.2195 0.857144 17.2195H27.7062L14.9567 30.0234C14.6219 30.3595 14.6219 30.9045 14.9567 31.2407L15.4617 31.7479C15.7964 32.084 16.3392 32.084 16.6739 31.7479L31.749 16.6087C32.0837 16.2725 32.0837 15.7275 31.749 15.3913L16.6739 0.252159C16.3392 -0.084053 15.7964 -0.084053 15.4617 0.252159Z\"\/>\n\t\t\t\t\t\t\t\n\t\t\t\t\t\t\t<\/svg>\n\t\t\t\t\t\t<\/div>\n\t\t\t\t\t<\/div>\n\n\t\t\t\t\t<div class=\"c-card__media \" style=\" \">\n\t\t\t\t\t\t<img decoding=\"async\" width=\"400\" height=\"434\" src=\"https:\/\/klaragymnasium.se\/wp-content\/uploads\/2025\/09\/klasollentuna202505-202905webb86-e1756898829290-400x434.jpg\" class=\"attachment-sm size-sm\" alt=\"Portr\u00e4ttbild p\u00e5 Nawez.\" sizes=\"(min-width: 64em) 300px, (min-width: 48em) calc(.50 * (100vw - 224px)), calc(100vw - 160px)\" srcset=\"https:\/\/klaragymnasium.se\/wp-content\/uploads\/2025\/09\/klasollentuna202505-202905webb86-e1756898829290-400x434.jpg 400w, https:\/\/klaragymnasium.se\/wp-content\/uploads\/2025\/09\/klasollentuna202505-202905webb86-e1756898829290-300x326.jpg 300w, https:\/\/klaragymnasium.se\/wp-content\/uploads\/2025\/09\/klasollentuna202505-202905webb86-e1756898829290-600x651.jpg 600w, https:\/\/klaragymnasium.se\/wp-content\/uploads\/2025\/09\/klasollentuna202505-202905webb86-e1756898829290-800x868.jpg 800w, https:\/\/klaragymnasium.se\/wp-content\/uploads\/2025\/09\/klasollentuna202505-202905webb86-e1756898829290-1024x1112.jpg 1024w, https:\/\/klaragymnasium.se\/wp-content\/uploads\/2025\/09\/klasollentuna202505-202905webb86-e1756898829290-1200x1303.jpg 1200w, https:\/\/klaragymnasium.se\/wp-content\/uploads\/2025\/09\/klasollentuna202505-202905webb86-e1756898829290.jpg 1638w\" \/>\n\t\t\t\t\t<\/div>\n\t\t\t\t<\/article>\n\t\t\t<\/li>\n\t\t\t\t\t\t\t\t\t\t\t\t\t\t\t\t\t\n\t\t\t\n\t\t\t\n\t\t\t<li class=\"l-col-6@md l-col-4@lg \" data-filter=\"elevintervjuer nyheter september-2025\">\n\t\t\t\t<article class=\"c-card  has-media-zoom  \" data-variant=\"border\" data-style=\"square\" data-click-area>\n\t\t\t\t\t<div class=\"c-card__content l-stack l-stack-sm\">\n\n\t\t\t\t\t\t\t\t\t\t\t\t\t<time class=\"c-card__date u-font-small\" datetime=\"2025-09-18\">18 september 2025<\/time>\n\t\t\t\t\t\t\n\t\t\t\t\t\t\t\t\t\t\t\t\t<h3 class=\"c-card__title u-font-title-3\">\n\t\t\t\t\t\t\t\t\t\t\t\t\t\t\t\t\t<a class=\"c-card__link\" href=\"https:\/\/klaragymnasium.se\/linkoping\/artikel\/lokal\/joel-om-ekonomiprogrammet\">\n\t\t\t\t\t\t\t\t\t\tJoel om ekonomiprogrammet\n\t\t\t\t\t\t\t\t\t<\/a>\n\t\t\t\t\t\t\t\t\t\t\t\t\t\t\t<\/h3>\n\t\t\t\t\t\t\n\t\t\t\t\t\t\t\t\t\t\t\t\t<p class=\"c-card__text l-stack-xs u-font-body\">\n\t\t\t\t\t\t\t\tJoel ber\u00e4ttar om ekonomiprogrammet och hans dr\u00f6m om att i framtiden driva eget f\u00f6retag. \n\t\t\t\t\t\t\t<\/p>\n\t\t\t\t\t\t\n\t\t\t\t\t\t\t\t\t\t\t\t\t<ul class=\"c-card__tags l-stack-grow u-list-none u-pt-md\" aria-label=\"Kategorier\">\n\t\t\t\t\t\t\t\t\t\t\t\t\t\t\t\t\t<li><span class=\"c-tag\" data-variant=\"outline\">Elevintervjuer<\/span><\/li>\n\t\t\t\t\t\t\t\t\t\t\t\t\t\t\t\t\t<li><span class=\"c-tag\" data-variant=\"outline\">Nyheter<\/span><\/li>\n\t\t\t\t\t\t\t\t\t\t\t\t\t\t\t<\/ul>\n\t\t\t\t\t\t\n\t\t\t\t\t\t<div class=\"c-card__icon\">\n\t\t\t\t\t\t\t\t\t\t\t\t\t\t<svg class=\"ams-icon ams-icon--arrow-right\" width=\"32\" height=\"32\" viewbox=\"0 0 32 32\" fill=\"currentColor\" aria-hidden=\"true\" xmlns=\"http:\/\/www.w3.org\/2000\/svg\">\n\t\t\t\t\t\t\t\t\t\t\t\t\t\t\t\t<path d=\"M15.4617 0.252159L14.9567 0.75931C14.6219 1.09545 14.6219 1.64048 14.9567 1.97669L27.7062 14.7806H0.857144C0.383786 14.7806 0 15.166 0 15.6414V16.3587C0 16.8341 0.383786 17.2195 0.857144 17.2195H27.7062L14.9567 30.0234C14.6219 30.3595 14.6219 30.9045 14.9567 31.2407L15.4617 31.7479C15.7964 32.084 16.3392 32.084 16.6739 31.7479L31.749 16.6087C32.0837 16.2725 32.0837 15.7275 31.749 15.3913L16.6739 0.252159C16.3392 -0.084053 15.7964 -0.084053 15.4617 0.252159Z\"\/>\n\t\t\t\t\t\t\t\n\t\t\t\t\t\t\t<\/svg>\n\t\t\t\t\t\t<\/div>\n\t\t\t\t\t<\/div>\n\n\t\t\t\t\t<div class=\"c-card__media \" style=\" \">\n\t\t\t\t\t\t<img decoding=\"async\" width=\"400\" height=\"363\" src=\"https:\/\/klaragymnasium.se\/wp-content\/uploads\/2025\/09\/klarasundsvall202410-202910tryck177-scaled-e1756890170716-400x363.jpg\" class=\"attachment-sm size-sm\" alt=\"Portr\u00e4ttbild p\u00e5 Joel Pennervall.\" sizes=\"(min-width: 64em) 300px, (min-width: 48em) calc(.50 * (100vw - 224px)), calc(100vw - 160px)\" srcset=\"https:\/\/klaragymnasium.se\/wp-content\/uploads\/2025\/09\/klarasundsvall202410-202910tryck177-scaled-e1756890170716-400x363.jpg 400w, https:\/\/klaragymnasium.se\/wp-content\/uploads\/2025\/09\/klarasundsvall202410-202910tryck177-scaled-e1756890170716-300x272.jpg 300w, https:\/\/klaragymnasium.se\/wp-content\/uploads\/2025\/09\/klarasundsvall202410-202910tryck177-scaled-e1756890170716-600x545.jpg 600w, https:\/\/klaragymnasium.se\/wp-content\/uploads\/2025\/09\/klarasundsvall202410-202910tryck177-scaled-e1756890170716-800x727.jpg 800w, https:\/\/klaragymnasium.se\/wp-content\/uploads\/2025\/09\/klarasundsvall202410-202910tryck177-scaled-e1756890170716-1024x930.jpg 1024w, https:\/\/klaragymnasium.se\/wp-content\/uploads\/2025\/09\/klarasundsvall202410-202910tryck177-scaled-e1756890170716-1200x1090.jpg 1200w, https:\/\/klaragymnasium.se\/wp-content\/uploads\/2025\/09\/klarasundsvall202410-202910tryck177-scaled-e1756890170716.jpg 2048w\" \/>\n\t\t\t\t\t<\/div>\n\t\t\t\t<\/article>\n\t\t\t<\/li>\n\t\t\t\t\t\t\t\t\t\t\t\t\t\t\t\t\t\n\t\t\t\n\t\t\t\n\t\t\t<li class=\"l-col-6@md l-col-4@lg \" data-filter=\"nyheter september-2025\">\n\t\t\t\t<article class=\"c-card  has-media-zoom  \" data-variant=\"border\" data-style=\"square\" data-click-area>\n\t\t\t\t\t<div class=\"c-card__content l-stack l-stack-sm\">\n\n\t\t\t\t\t\t\t\t\t\t\t\t\t<time class=\"c-card__date u-font-small\" datetime=\"2025-09-05\">5 september 2025<\/time>\n\t\t\t\t\t\t\n\t\t\t\t\t\t\t\t\t\t\t\t\t<h3 class=\"c-card__title u-font-title-3\">\n\t\t\t\t\t\t\t\t\t\t\t\t\t\t\t\t\t<a class=\"c-card__link\" href=\"https:\/\/klaragymnasium.se\/linkoping\/artikel\/lokal\/var-uppmarksam-pa-bedrageriforsok\">\n\t\t\t\t\t\t\t\t\t\tVar uppm\u00e4rksam p\u00e5 bedr\u00e4gerif\u00f6rs\u00f6k\n\t\t\t\t\t\t\t\t\t<\/a>\n\t\t\t\t\t\t\t\t\t\t\t\t\t\t\t<\/h3>\n\t\t\t\t\t\t\n\t\t\t\t\t\t\t\t\t\t\t\t\t<p class=\"c-card__text l-stack-xs u-font-body\">\n\t\t\t\t\t\t\t\tDet har registrerats en dom\u00e4n som heter Klaragymnasium.org av en utomst\u00e5ende akt\u00f6r. Vi uppmanar er att vara extra uppm\u00e4rksamma p\u00e5 mejl fr\u00e5n @klaragymnasium.org och l\u00e4nkar som inneh\u00e5ller klaragymnasium.org.\n\t\t\t\t\t\t\t<\/p>\n\t\t\t\t\t\t\n\t\t\t\t\t\t\t\t\t\t\t\t\t<ul class=\"c-card__tags l-stack-grow u-list-none u-pt-md\" aria-label=\"Kategorier\">\n\t\t\t\t\t\t\t\t\t\t\t\t\t\t\t\t\t<li><span class=\"c-tag\" data-variant=\"outline\">Nyheter<\/span><\/li>\n\t\t\t\t\t\t\t\t\t\t\t\t\t\t\t<\/ul>\n\t\t\t\t\t\t\n\t\t\t\t\t\t<div class=\"c-card__icon\">\n\t\t\t\t\t\t\t\t\t\t\t\t\t\t<svg class=\"ams-icon ams-icon--arrow-right\" width=\"32\" height=\"32\" viewbox=\"0 0 32 32\" fill=\"currentColor\" aria-hidden=\"true\" xmlns=\"http:\/\/www.w3.org\/2000\/svg\">\n\t\t\t\t\t\t\t\t\t\t\t\t\t\t\t\t<path d=\"M15.4617 0.252159L14.9567 0.75931C14.6219 1.09545 14.6219 1.64048 14.9567 1.97669L27.7062 14.7806H0.857144C0.383786 14.7806 0 15.166 0 15.6414V16.3587C0 16.8341 0.383786 17.2195 0.857144 17.2195H27.7062L14.9567 30.0234C14.6219 30.3595 14.6219 30.9045 14.9567 31.2407L15.4617 31.7479C15.7964 32.084 16.3392 32.084 16.6739 31.7479L31.749 16.6087C32.0837 16.2725 32.0837 15.7275 31.749 15.3913L16.6739 0.252159C16.3392 -0.084053 15.7964 -0.084053 15.4617 0.252159Z\"\/>\n\t\t\t\t\t\t\t\n\t\t\t\t\t\t\t<\/svg>\n\t\t\t\t\t\t<\/div>\n\t\t\t\t\t<\/div>\n\n\t\t\t\t\t<div class=\"c-card__media \" style=\" \">\n\t\t\t\t\t\t\n\t\t\t\t\t<\/div>\n\t\t\t\t<\/article>\n\t\t\t<\/li>\n\t\t\t\t\t\t\t\t\t\t\t\t\t\t\t\t\t\n\t\t\t\n\t\t\t\n\t\t\t<li class=\"l-col-6@md l-col-4@lg \" data-filter=\"nyheter september-2025\">\n\t\t\t\t<article class=\"c-card  has-media-zoom  \" data-variant=\"border\" data-style=\"square\" data-click-area>\n\t\t\t\t\t<div class=\"c-card__content l-stack l-stack-sm\">\n\n\t\t\t\t\t\t\t\t\t\t\t\t\t<time class=\"c-card__date u-font-small\" datetime=\"2025-09-03\">3 september 2025<\/time>\n\t\t\t\t\t\t\n\t\t\t\t\t\t\t\t\t\t\t\t\t<h3 class=\"c-card__title u-font-title-3\">\n\t\t\t\t\t\t\t\t\t\t\t\t\t\t\t\t\t<a class=\"c-card__link\" href=\"https:\/\/klaragymnasium.se\/linkoping\/artikel\/lokal\/studentmossa-till-basta-pris\">\n\t\t\t\t\t\t\t\t\t\tStudentm\u00f6ssa till b\u00e4sta pris\n\t\t\t\t\t\t\t\t\t<\/a>\n\t\t\t\t\t\t\t\t\t\t\t\t\t\t\t<\/h3>\n\t\t\t\t\t\t\n\t\t\t\t\t\t\t\t\t\t\t\t\t<p class=\"c-card__text l-stack-xs u-font-body\">\n\t\t\t\t\t\t\t\tNu kan du som g\u00e5r p\u00e5 en gymnasieskola som tillh\u00f6r AcadeMedia k\u00f6pa din studentm\u00f6ssa till ett extra f\u00f6rm\u00e5nligt pris inf\u00f6r studenten 2026.\u00a0\n\t\t\t\t\t\t\t<\/p>\n\t\t\t\t\t\t\n\t\t\t\t\t\t\t\t\t\t\t\t\t<ul class=\"c-card__tags l-stack-grow u-list-none u-pt-md\" aria-label=\"Kategorier\">\n\t\t\t\t\t\t\t\t\t\t\t\t\t\t\t\t\t<li><span class=\"c-tag\" data-variant=\"outline\">Nyheter<\/span><\/li>\n\t\t\t\t\t\t\t\t\t\t\t\t\t\t\t<\/ul>\n\t\t\t\t\t\t\n\t\t\t\t\t\t<div class=\"c-card__icon\">\n\t\t\t\t\t\t\t\t\t\t\t\t\t\t<svg class=\"ams-icon ams-icon--arrow-right\" width=\"32\" height=\"32\" viewbox=\"0 0 32 32\" fill=\"currentColor\" aria-hidden=\"true\" xmlns=\"http:\/\/www.w3.org\/2000\/svg\">\n\t\t\t\t\t\t\t\t\t\t\t\t\t\t\t\t<path d=\"M15.4617 0.252159L14.9567 0.75931C14.6219 1.09545 14.6219 1.64048 14.9567 1.97669L27.7062 14.7806H0.857144C0.383786 14.7806 0 15.166 0 15.6414V16.3587C0 16.8341 0.383786 17.2195 0.857144 17.2195H27.7062L14.9567 30.0234C14.6219 30.3595 14.6219 30.9045 14.9567 31.2407L15.4617 31.7479C15.7964 32.084 16.3392 32.084 16.6739 31.7479L31.749 16.6087C32.0837 16.2725 32.0837 15.7275 31.749 15.3913L16.6739 0.252159C16.3392 -0.084053 15.7964 -0.084053 15.4617 0.252159Z\"\/>\n\t\t\t\t\t\t\t\n\t\t\t\t\t\t\t<\/svg>\n\t\t\t\t\t\t<\/div>\n\t\t\t\t\t<\/div>\n\n\t\t\t\t\t<div class=\"c-card__media \" style=\" \">\n\t\t\t\t\t\t<img decoding=\"async\" width=\"400\" height=\"267\" src=\"https:\/\/klaragymnasium.se\/wp-content\/uploads\/2025\/09\/procivitas-student-2019-014-webb-400x267.jpg\" class=\"attachment-sm size-sm\" alt=\"Elev med studentm\u00f6ssa p\u00e5 sig.\" sizes=\"(min-width: 64em) 300px, (min-width: 48em) calc(.50 * (100vw - 224px)), calc(100vw - 160px)\" srcset=\"https:\/\/klaragymnasium.se\/wp-content\/uploads\/2025\/09\/procivitas-student-2019-014-webb-400x267.jpg 400w, https:\/\/klaragymnasium.se\/wp-content\/uploads\/2025\/09\/procivitas-student-2019-014-webb-300x200.jpg 300w, https:\/\/klaragymnasium.se\/wp-content\/uploads\/2025\/09\/procivitas-student-2019-014-webb-600x400.jpg 600w, https:\/\/klaragymnasium.se\/wp-content\/uploads\/2025\/09\/procivitas-student-2019-014-webb-800x533.jpg 800w, https:\/\/klaragymnasium.se\/wp-content\/uploads\/2025\/09\/procivitas-student-2019-014-webb-1024x682.jpg 1024w, https:\/\/klaragymnasium.se\/wp-content\/uploads\/2025\/09\/procivitas-student-2019-014-webb-1200x800.jpg 1200w, https:\/\/klaragymnasium.se\/wp-content\/uploads\/2025\/09\/procivitas-student-2019-014-webb.jpg 2000w\" \/>\n\t\t\t\t\t<\/div>\n\t\t\t\t<\/article>\n\t\t\t<\/li>\n\t\t\t\t\t\t\t\t\t\t\t\t\t\t\t\t\t\n\t\t\t\n\t\t\t\n\t\t\t<li class=\"l-col-6@md l-col-4@lg \" data-filter=\"elevintervjuer nyheter september-2025\">\n\t\t\t\t<article class=\"c-card  has-media-zoom  \" data-variant=\"border\" data-style=\"square\" data-click-area>\n\t\t\t\t\t<div class=\"c-card__content l-stack l-stack-sm\">\n\n\t\t\t\t\t\t\t\t\t\t\t\t\t<time class=\"c-card__date u-font-small\" datetime=\"2025-09-02\">2 september 2025<\/time>\n\t\t\t\t\t\t\n\t\t\t\t\t\t\t\t\t\t\t\t\t<h3 class=\"c-card__title u-font-title-3\">\n\t\t\t\t\t\t\t\t\t\t\t\t\t\t\t\t\t<a class=\"c-card__link\" href=\"https:\/\/klaragymnasium.se\/linkoping\/artikel\/lokal\/nathalie-om-samhallsvetenskapsprogrammet\">\n\t\t\t\t\t\t\t\t\t\tNathalie om samh\u00e4llsvetenskaps\u00adprogrammet\n\t\t\t\t\t\t\t\t\t<\/a>\n\t\t\t\t\t\t\t\t\t\t\t\t\t\t\t<\/h3>\n\t\t\t\t\t\t\n\t\t\t\t\t\t\t\t\t\t\t\t\t<p class=\"c-card__text l-stack-xs u-font-body\">\n\t\t\t\t\t\t\t\tNathalie ber\u00e4ttar om samh\u00e4llsvetenskapsprogrammet och varf\u00f6r utbytesresor och \u00f6ppet hus kan vara nyckeln till ditt gymnasieval.\n\t\t\t\t\t\t\t<\/p>\n\t\t\t\t\t\t\n\t\t\t\t\t\t\t\t\t\t\t\t\t<ul class=\"c-card__tags l-stack-grow u-list-none u-pt-md\" aria-label=\"Kategorier\">\n\t\t\t\t\t\t\t\t\t\t\t\t\t\t\t\t\t<li><span class=\"c-tag\" data-variant=\"outline\">Elevintervjuer<\/span><\/li>\n\t\t\t\t\t\t\t\t\t\t\t\t\t\t\t\t\t<li><span class=\"c-tag\" data-variant=\"outline\">Nyheter<\/span><\/li>\n\t\t\t\t\t\t\t\t\t\t\t\t\t\t\t<\/ul>\n\t\t\t\t\t\t\n\t\t\t\t\t\t<div class=\"c-card__icon\">\n\t\t\t\t\t\t\t\t\t\t\t\t\t\t<svg class=\"ams-icon ams-icon--arrow-right\" width=\"32\" height=\"32\" viewbox=\"0 0 32 32\" fill=\"currentColor\" aria-hidden=\"true\" xmlns=\"http:\/\/www.w3.org\/2000\/svg\">\n\t\t\t\t\t\t\t\t\t\t\t\t\t\t\t\t<path d=\"M15.4617 0.252159L14.9567 0.75931C14.6219 1.09545 14.6219 1.64048 14.9567 1.97669L27.7062 14.7806H0.857144C0.383786 14.7806 0 15.166 0 15.6414V16.3587C0 16.8341 0.383786 17.2195 0.857144 17.2195H27.7062L14.9567 30.0234C14.6219 30.3595 14.6219 30.9045 14.9567 31.2407L15.4617 31.7479C15.7964 32.084 16.3392 32.084 16.6739 31.7479L31.749 16.6087C32.0837 16.2725 32.0837 15.7275 31.749 15.3913L16.6739 0.252159C16.3392 -0.084053 15.7964 -0.084053 15.4617 0.252159Z\"\/>\n\t\t\t\t\t\t\t\n\t\t\t\t\t\t\t<\/svg>\n\t\t\t\t\t\t<\/div>\n\t\t\t\t\t<\/div>\n\n\t\t\t\t\t<div class=\"c-card__media \" style=\" \">\n\t\t\t\t\t\t<img decoding=\"async\" width=\"400\" height=\"533\" src=\"https:\/\/klaragymnasium.se\/wp-content\/uploads\/2025\/09\/portrattbildnathalie2025vasteras-400x533.jpeg\" class=\"attachment-sm size-sm\" alt=\"Portr\u00e4ttbild p\u00e5 Nathalie.\" sizes=\"(min-width: 64em) 300px, (min-width: 48em) calc(.50 * (100vw - 224px)), calc(100vw - 160px)\" srcset=\"https:\/\/klaragymnasium.se\/wp-content\/uploads\/2025\/09\/portrattbildnathalie2025vasteras-400x533.jpeg 400w, https:\/\/klaragymnasium.se\/wp-content\/uploads\/2025\/09\/portrattbildnathalie2025vasteras-300x400.jpeg 300w, https:\/\/klaragymnasium.se\/wp-content\/uploads\/2025\/09\/portrattbildnathalie2025vasteras-600x800.jpeg 600w, https:\/\/klaragymnasium.se\/wp-content\/uploads\/2025\/09\/portrattbildnathalie2025vasteras-800x1067.jpeg 800w, https:\/\/klaragymnasium.se\/wp-content\/uploads\/2025\/09\/portrattbildnathalie2025vasteras-1024x1365.jpeg 1024w, https:\/\/klaragymnasium.se\/wp-content\/uploads\/2025\/09\/portrattbildnathalie2025vasteras-1200x1600.jpeg 1200w, https:\/\/klaragymnasium.se\/wp-content\/uploads\/2025\/09\/portrattbildnathalie2025vasteras-scaled.jpeg 1920w\" \/>\n\t\t\t\t\t<\/div>\n\t\t\t\t<\/article>\n\t\t\t<\/li>\n\t\t\t\t\t\t\t\t\t\t\t\t\t\t\t\t\t\n\t\t\t\n\t\t\t\n\t\t\t<li class=\"l-col-6@md l-col-4@lg \" data-filter=\"nyheter maj-2025\">\n\t\t\t\t<article class=\"c-card  has-media-zoom  \" data-variant=\"border\" data-style=\"square\" data-click-area>\n\t\t\t\t\t<div class=\"c-card__content l-stack l-stack-sm\">\n\n\t\t\t\t\t\t\t\t\t\t\t\t\t<time class=\"c-card__date u-font-small\" datetime=\"2025-05-16\">16 maj 2025<\/time>\n\t\t\t\t\t\t\n\t\t\t\t\t\t\t\t\t\t\t\t\t<h3 class=\"c-card__title u-font-title-3\">\n\t\t\t\t\t\t\t\t\t\t\t\t\t\t\t\t\t<a class=\"c-card__link\" href=\"https:\/\/klaragymnasium.se\/linkoping\/artikel\/lokal\/oppet-hus-tips\">\n\t\t\t\t\t\t\t\t\t\tMaximera ditt \u00d6ppet hus-bes\u00f6k!\n\t\t\t\t\t\t\t\t\t<\/a>\n\t\t\t\t\t\t\t\t\t\t\t\t\t\t\t<\/h3>\n\t\t\t\t\t\t\n\t\t\t\t\t\t\t\t\t\t\t\t\t<p class=\"c-card__text l-stack-xs u-font-body\">\n\t\t\t\t\t\t\t\tVi tror att den b\u00e4sta v\u00e4gen till ett klokt gymnasieval g\u00e5r genom en upplevelse. Vi delar med oss av v\u00e5ra b\u00e4sta tips inf\u00f6r ditt \u00d6ppet hus-bes\u00f6k!\n\t\t\t\t\t\t\t<\/p>\n\t\t\t\t\t\t\n\t\t\t\t\t\t\t\t\t\t\t\t\t<ul class=\"c-card__tags l-stack-grow u-list-none u-pt-md\" aria-label=\"Kategorier\">\n\t\t\t\t\t\t\t\t\t\t\t\t\t\t\t\t\t<li><span class=\"c-tag\" data-variant=\"outline\">Nyheter<\/span><\/li>\n\t\t\t\t\t\t\t\t\t\t\t\t\t\t\t<\/ul>\n\t\t\t\t\t\t\n\t\t\t\t\t\t<div class=\"c-card__icon\">\n\t\t\t\t\t\t\t\t\t\t\t\t\t\t<svg class=\"ams-icon ams-icon--arrow-right\" width=\"32\" height=\"32\" viewbox=\"0 0 32 32\" fill=\"currentColor\" aria-hidden=\"true\" xmlns=\"http:\/\/www.w3.org\/2000\/svg\">\n\t\t\t\t\t\t\t\t\t\t\t\t\t\t\t\t<path d=\"M15.4617 0.252159L14.9567 0.75931C14.6219 1.09545 14.6219 1.64048 14.9567 1.97669L27.7062 14.7806H0.857144C0.383786 14.7806 0 15.166 0 15.6414V16.3587C0 16.8341 0.383786 17.2195 0.857144 17.2195H27.7062L14.9567 30.0234C14.6219 30.3595 14.6219 30.9045 14.9567 31.2407L15.4617 31.7479C15.7964 32.084 16.3392 32.084 16.6739 31.7479L31.749 16.6087C32.0837 16.2725 32.0837 15.7275 31.749 15.3913L16.6739 0.252159C16.3392 -0.084053 15.7964 -0.084053 15.4617 0.252159Z\"\/>\n\t\t\t\t\t\t\t\n\t\t\t\t\t\t\t<\/svg>\n\t\t\t\t\t\t<\/div>\n\t\t\t\t\t<\/div>\n\n\t\t\t\t\t<div class=\"c-card__media \" style=\" \">\n\t\t\t\t\t\t<img decoding=\"async\" width=\"400\" height=\"267\" src=\"https:\/\/klaragymnasium.se\/wp-content\/uploads\/2023\/08\/klarasundsvall202410-202910webb86-400x267.jpg\" class=\"attachment-sm size-sm\" alt=\"Tre elever st\u00e5r i skolan och ser glada ut och tittar in i kameran p\u00e5 KLARA.\" sizes=\"(min-width: 64em) 300px, (min-width: 48em) calc(.50 * (100vw - 224px)), calc(100vw - 160px)\" srcset=\"https:\/\/klaragymnasium.se\/wp-content\/uploads\/2023\/08\/klarasundsvall202410-202910webb86-400x267.jpg 400w, https:\/\/klaragymnasium.se\/wp-content\/uploads\/2023\/08\/klarasundsvall202410-202910webb86-300x200.jpg 300w, https:\/\/klaragymnasium.se\/wp-content\/uploads\/2023\/08\/klarasundsvall202410-202910webb86-600x400.jpg 600w, https:\/\/klaragymnasium.se\/wp-content\/uploads\/2023\/08\/klarasundsvall202410-202910webb86-800x533.jpg 800w, https:\/\/klaragymnasium.se\/wp-content\/uploads\/2023\/08\/klarasundsvall202410-202910webb86-1024x683.jpg 1024w, https:\/\/klaragymnasium.se\/wp-content\/uploads\/2023\/08\/klarasundsvall202410-202910webb86-1200x800.jpg 1200w, https:\/\/klaragymnasium.se\/wp-content\/uploads\/2023\/08\/klarasundsvall202410-202910webb86.jpg 2048w\" \/>\n\t\t\t\t\t<\/div>\n\t\t\t\t<\/article>\n\t\t\t<\/li>\n\t\t\t\t\t\t\t\t\t\t\t\t\t\t\t\t\t\n\t\t\t\n\t\t\t\n\t\t\t<li class=\"l-col-6@md l-col-4@lg \" data-filter=\"nyheter augusti-2024\">\n\t\t\t\t<article class=\"c-card  has-media-zoom  \" data-variant=\"border\" data-style=\"square\" data-click-area>\n\t\t\t\t\t<div class=\"c-card__content l-stack l-stack-sm\">\n\n\t\t\t\t\t\t\t\t\t\t\t\t\t<time class=\"c-card__date u-font-small\" datetime=\"2024-08-14\">14 augusti 2024<\/time>\n\t\t\t\t\t\t\n\t\t\t\t\t\t\t\t\t\t\t\t\t<h3 class=\"c-card__title u-font-title-3\">\n\t\t\t\t\t\t\t\t\t\t\t\t\t\t\t\t\t<a class=\"c-card__link\" href=\"https:\/\/klaragymnasium.se\/linkoping\/artikel\/lokal\/certifikat-i-ung-privatekonomi\">\n\t\t\t\t\t\t\t\t\t\tKLARAs skolor \u00e4r UP-Certifierade\n\t\t\t\t\t\t\t\t\t<\/a>\n\t\t\t\t\t\t\t\t\t\t\t\t\t\t\t<\/h3>\n\t\t\t\t\t\t\n\t\t\t\t\t\t\t\t\t\t\t\t\t<p class=\"c-card__text l-stack-xs u-font-body\">\n\t\t\t\t\t\t\t\tAlla KLARAs gymnasieskolor \u00e4r certifierade av Ung Privatekonomi. L\u00e4s mer om vad satsningen inneb\u00e4r f\u00f6r dig som elev p\u00e5 Klara Teoretiska Gymnasium!\n\t\t\t\t\t\t\t<\/p>\n\t\t\t\t\t\t\n\t\t\t\t\t\t\t\t\t\t\t\t\t<ul class=\"c-card__tags l-stack-grow u-list-none u-pt-md\" aria-label=\"Kategorier\">\n\t\t\t\t\t\t\t\t\t\t\t\t\t\t\t\t\t<li><span class=\"c-tag\" data-variant=\"outline\">Nyheter<\/span><\/li>\n\t\t\t\t\t\t\t\t\t\t\t\t\t\t\t<\/ul>\n\t\t\t\t\t\t\n\t\t\t\t\t\t<div class=\"c-card__icon\">\n\t\t\t\t\t\t\t\t\t\t\t\t\t\t<svg class=\"ams-icon ams-icon--arrow-right\" width=\"32\" height=\"32\" viewbox=\"0 0 32 32\" fill=\"currentColor\" aria-hidden=\"true\" xmlns=\"http:\/\/www.w3.org\/2000\/svg\">\n\t\t\t\t\t\t\t\t\t\t\t\t\t\t\t\t<path d=\"M15.4617 0.252159L14.9567 0.75931C14.6219 1.09545 14.6219 1.64048 14.9567 1.97669L27.7062 14.7806H0.857144C0.383786 14.7806 0 15.166 0 15.6414V16.3587C0 16.8341 0.383786 17.2195 0.857144 17.2195H27.7062L14.9567 30.0234C14.6219 30.3595 14.6219 30.9045 14.9567 31.2407L15.4617 31.7479C15.7964 32.084 16.3392 32.084 16.6739 31.7479L31.749 16.6087C32.0837 16.2725 32.0837 15.7275 31.749 15.3913L16.6739 0.252159C16.3392 -0.084053 15.7964 -0.084053 15.4617 0.252159Z\"\/>\n\t\t\t\t\t\t\t\n\t\t\t\t\t\t\t<\/svg>\n\t\t\t\t\t\t<\/div>\n\t\t\t\t\t<\/div>\n\n\t\t\t\t\t<div class=\"c-card__media \" style=\" \">\n\t\t\t\t\t\t<img decoding=\"async\" width=\"400\" height=\"231\" src=\"https:\/\/klaragymnasium.se\/wp-content\/uploads\/2024\/08\/up-certifikat-400x231.png\" class=\"attachment-sm size-sm\" alt=\"Up-certifikat.\" sizes=\"(min-width: 64em) 300px, (min-width: 48em) calc(.50 * (100vw - 224px)), calc(100vw - 160px)\" srcset=\"https:\/\/klaragymnasium.se\/wp-content\/uploads\/2024\/08\/up-certifikat-400x231.png 400w, https:\/\/klaragymnasium.se\/wp-content\/uploads\/2024\/08\/up-certifikat-300x174.png 300w, https:\/\/klaragymnasium.se\/wp-content\/uploads\/2024\/08\/up-certifikat-600x347.png 600w, https:\/\/klaragymnasium.se\/wp-content\/uploads\/2024\/08\/up-certifikat-800x463.png 800w, https:\/\/klaragymnasium.se\/wp-content\/uploads\/2024\/08\/up-certifikat.png 944w\" \/>\n\t\t\t\t\t<\/div>\n\t\t\t\t<\/article>\n\t\t\t<\/li>\n\t\t\t\t\t\t\t\t\t\t\t\t\t\t\t\t\t\n\t\t\t\n\t\t\t\n\t\t\t<li class=\"l-col-6@md l-col-4@lg \" data-filter=\"nyheter april-2024\">\n\t\t\t\t<article class=\"c-card  has-media-zoom  \" data-variant=\"border\" data-style=\"square\" data-click-area>\n\t\t\t\t\t<div class=\"c-card__content l-stack l-stack-sm\">\n\n\t\t\t\t\t\t\t\t\t\t\t\t\t<time class=\"c-card__date u-font-small\" datetime=\"2024-04-18\">18 april 2024<\/time>\n\t\t\t\t\t\t\n\t\t\t\t\t\t\t\t\t\t\t\t\t<h3 class=\"c-card__title u-font-title-3\">\n\t\t\t\t\t\t\t\t\t\t\t\t\t\t\t\t\t<a class=\"c-card__link\" href=\"https:\/\/klaragymnasium.se\/linkoping\/artikel\/lokal\/fokus-pa-klimatkrisen-pa-fn-rollspelet\">\n\t\t\t\t\t\t\t\t\t\tFN-rollspelet p\u00e5 KLARA 2024\n\t\t\t\t\t\t\t\t\t<\/a>\n\t\t\t\t\t\t\t\t\t\t\t\t\t\t\t<\/h3>\n\t\t\t\t\t\t\n\t\t\t\t\t\t\t\t\t\t\t\t\t<p class=\"c-card__text l-stack-xs u-font-body\">\n\t\t\t\t\t\t\t\tKlimatkrisen hade stort fokus p\u00e5 FN-rollspelet. 150 elever fr\u00e5n KLARA:s skolor har samlats i G\u00f6teborg f\u00f6r att genomf\u00f6ra &#8230;\n\t\t\t\t\t\t\t<\/p>\n\t\t\t\t\t\t\n\t\t\t\t\t\t\t\t\t\t\t\t\t<ul class=\"c-card__tags l-stack-grow u-list-none u-pt-md\" aria-label=\"Kategorier\">\n\t\t\t\t\t\t\t\t\t\t\t\t\t\t\t\t\t<li><span class=\"c-tag\" data-variant=\"outline\">Nyheter<\/span><\/li>\n\t\t\t\t\t\t\t\t\t\t\t\t\t\t\t<\/ul>\n\t\t\t\t\t\t\n\t\t\t\t\t\t<div class=\"c-card__icon\">\n\t\t\t\t\t\t\t\t\t\t\t\t\t\t<svg class=\"ams-icon ams-icon--arrow-right\" width=\"32\" height=\"32\" viewbox=\"0 0 32 32\" fill=\"currentColor\" aria-hidden=\"true\" xmlns=\"http:\/\/www.w3.org\/2000\/svg\">\n\t\t\t\t\t\t\t\t\t\t\t\t\t\t\t\t<path d=\"M15.4617 0.252159L14.9567 0.75931C14.6219 1.09545 14.6219 1.64048 14.9567 1.97669L27.7062 14.7806H0.857144C0.383786 14.7806 0 15.166 0 15.6414V16.3587C0 16.8341 0.383786 17.2195 0.857144 17.2195H27.7062L14.9567 30.0234C14.6219 30.3595 14.6219 30.9045 14.9567 31.2407L15.4617 31.7479C15.7964 32.084 16.3392 32.084 16.6739 31.7479L31.749 16.6087C32.0837 16.2725 32.0837 15.7275 31.749 15.3913L16.6739 0.252159C16.3392 -0.084053 15.7964 -0.084053 15.4617 0.252159Z\"\/>\n\t\t\t\t\t\t\t\n\t\t\t\t\t\t\t<\/svg>\n\t\t\t\t\t\t<\/div>\n\t\t\t\t\t<\/div>\n\n\t\t\t\t\t<div class=\"c-card__media \" style=\" \">\n\t\t\t\t\t\t<img decoding=\"async\" width=\"400\" height=\"377\" src=\"https:\/\/klaragymnasium.se\/wp-content\/uploads\/2024\/04\/fnrollspelklara2024-400x377.png\" class=\"attachment-sm size-sm\" alt=\"Elever sitter med sina ryggar mot kameran och blickar fram\u00e5t scenen p\u00e5 FN-rollspelet.\" sizes=\"(min-width: 64em) 300px, (min-width: 48em) calc(.50 * (100vw - 224px)), calc(100vw - 160px)\" srcset=\"https:\/\/klaragymnasium.se\/wp-content\/uploads\/2024\/04\/fnrollspelklara2024-400x377.png 400w, https:\/\/klaragymnasium.se\/wp-content\/uploads\/2024\/04\/fnrollspelklara2024-300x283.png 300w, https:\/\/klaragymnasium.se\/wp-content\/uploads\/2024\/04\/fnrollspelklara2024-600x565.png 600w, https:\/\/klaragymnasium.se\/wp-content\/uploads\/2024\/04\/fnrollspelklara2024.png 604w\" \/>\n\t\t\t\t\t<\/div>\n\t\t\t\t<\/article>\n\t\t\t<\/li>\n\t\t\t\t\t\t\t\t\t\t\t\t\t\t\t\t\t\n\t\t\t\n\t\t\t\n\t\t\t<li class=\"l-col-6@md l-col-4@lg \" data-filter=\"nyheter mars-2024\">\n\t\t\t\t<article class=\"c-card  has-media-zoom  \" data-variant=\"border\" data-style=\"square\" data-click-area>\n\t\t\t\t\t<div class=\"c-card__content l-stack l-stack-sm\">\n\n\t\t\t\t\t\t\t\t\t\t\t\t\t<time class=\"c-card__date u-font-small\" datetime=\"2024-03-14\">14 mars 2024<\/time>\n\t\t\t\t\t\t\n\t\t\t\t\t\t\t\t\t\t\t\t\t<h3 class=\"c-card__title u-font-title-3\">\n\t\t\t\t\t\t\t\t\t\t\t\t\t\t\t\t\t<a class=\"c-card__link\" href=\"https:\/\/klaragymnasium.se\/linkoping\/artikel\/lokal\/stella-slog-pi-rekordet\">\n\t\t\t\t\t\t\t\t\t\tStella slog PI-rekord!\n\t\t\t\t\t\t\t\t\t<\/a>\n\t\t\t\t\t\t\t\t\t\t\t\t\t\t\t<\/h3>\n\t\t\t\t\t\t\n\t\t\t\t\t\t\t\t\t\t\t\t\t<p class=\"c-card__text l-stack-xs u-font-body\">\n\t\t\t\t\t\t\t\tDet nya rekordet f\u00f6r kvinnor \u00e4r numera 4000 decimaler. \n\t\t\t\t\t\t\t<\/p>\n\t\t\t\t\t\t\n\t\t\t\t\t\t\t\t\t\t\t\t\t<ul class=\"c-card__tags l-stack-grow u-list-none u-pt-md\" aria-label=\"Kategorier\">\n\t\t\t\t\t\t\t\t\t\t\t\t\t\t\t\t\t<li><span class=\"c-tag\" data-variant=\"outline\">Nyheter<\/span><\/li>\n\t\t\t\t\t\t\t\t\t\t\t\t\t\t\t<\/ul>\n\t\t\t\t\t\t\n\t\t\t\t\t\t<div class=\"c-card__icon\">\n\t\t\t\t\t\t\t\t\t\t\t\t\t\t<svg class=\"ams-icon ams-icon--arrow-right\" width=\"32\" height=\"32\" viewbox=\"0 0 32 32\" fill=\"currentColor\" aria-hidden=\"true\" xmlns=\"http:\/\/www.w3.org\/2000\/svg\">\n\t\t\t\t\t\t\t\t\t\t\t\t\t\t\t\t<path d=\"M15.4617 0.252159L14.9567 0.75931C14.6219 1.09545 14.6219 1.64048 14.9567 1.97669L27.7062 14.7806H0.857144C0.383786 14.7806 0 15.166 0 15.6414V16.3587C0 16.8341 0.383786 17.2195 0.857144 17.2195H27.7062L14.9567 30.0234C14.6219 30.3595 14.6219 30.9045 14.9567 31.2407L15.4617 31.7479C15.7964 32.084 16.3392 32.084 16.6739 31.7479L31.749 16.6087C32.0837 16.2725 32.0837 15.7275 31.749 15.3913L16.6739 0.252159C16.3392 -0.084053 15.7964 -0.084053 15.4617 0.252159Z\"\/>\n\t\t\t\t\t\t\t\n\t\t\t\t\t\t\t<\/svg>\n\t\t\t\t\t\t<\/div>\n\t\t\t\t\t<\/div>\n\n\t\t\t\t\t<div class=\"c-card__media \" style=\" \">\n\t\t\t\t\t\t<img decoding=\"async\" width=\"400\" height=\"394\" src=\"https:\/\/klaragymnasium.se\/wp-content\/uploads\/2024\/03\/image002-e1710424928395-400x394.png\" class=\"attachment-sm size-sm\" alt=\"Tjej h\u00e5ller glatt upp rutade papper med 4000 decimaler av PI\" sizes=\"(min-width: 64em) 300px, (min-width: 48em) calc(.50 * (100vw - 224px)), calc(100vw - 160px)\" srcset=\"https:\/\/klaragymnasium.se\/wp-content\/uploads\/2024\/03\/image002-e1710424928395-400x394.png 400w, https:\/\/klaragymnasium.se\/wp-content\/uploads\/2024\/03\/image002-e1710424928395-300x295.png 300w, https:\/\/klaragymnasium.se\/wp-content\/uploads\/2024\/03\/image002-e1710424928395-600x590.png 600w, https:\/\/klaragymnasium.se\/wp-content\/uploads\/2024\/03\/image002-e1710424928395-800x787.png 800w, https:\/\/klaragymnasium.se\/wp-content\/uploads\/2024\/03\/image002-e1710424928395-1024x1008.png 1024w, https:\/\/klaragymnasium.se\/wp-content\/uploads\/2024\/03\/image002-e1710424928395-1200x1181.png 1200w\" \/>\n\t\t\t\t\t<\/div>\n\t\t\t\t<\/article>\n\t\t\t<\/li>\n\t\t\t\t\t\t\t\t\t\t\t\t\t\t\t\t\t\n\t\t\t\n\t\t\t\n\t\t\t<li class=\"l-col-6@md l-col-4@lg \" data-filter=\"nyheter februari-2023\">\n\t\t\t\t<article class=\"c-card  has-media-zoom  \" data-variant=\"border\" data-style=\"square\" data-click-area>\n\t\t\t\t\t<div class=\"c-card__content l-stack l-stack-sm\">\n\n\t\t\t\t\t\t\t\t\t\t\t\t\t<time class=\"c-card__date u-font-small\" datetime=\"2023-02-14\">14 februari 2023<\/time>\n\t\t\t\t\t\t\n\t\t\t\t\t\t\t\t\t\t\t\t\t<h3 class=\"c-card__title u-font-title-3\">\n\t\t\t\t\t\t\t\t\t\t\t\t\t\t\t\t\t<a class=\"c-card__link\" href=\"https:\/\/klaragymnasium.se\/linkoping\/artikel\/lokal\/klimat-smart-lunchmeny-pa-klara\">\n\t\t\t\t\t\t\t\t\t\tKlimatsmart lunchmeny \n\t\t\t\t\t\t\t\t\t<\/a>\n\t\t\t\t\t\t\t\t\t\t\t\t\t\t\t<\/h3>\n\t\t\t\t\t\t\n\t\t\t\t\t\t\t\t\t\t\t\t\t<p class=\"c-card__text l-stack-xs u-font-body\">\n\t\t\t\t\t\t\t\tHur stort klimatavtryck har en skollunch?\n\t\t\t\t\t\t\t<\/p>\n\t\t\t\t\t\t\n\t\t\t\t\t\t\t\t\t\t\t\t\t<ul class=\"c-card__tags l-stack-grow u-list-none u-pt-md\" aria-label=\"Kategorier\">\n\t\t\t\t\t\t\t\t\t\t\t\t\t\t\t\t\t<li><span class=\"c-tag\" data-variant=\"outline\">Nyheter<\/span><\/li>\n\t\t\t\t\t\t\t\t\t\t\t\t\t\t\t<\/ul>\n\t\t\t\t\t\t\n\t\t\t\t\t\t<div class=\"c-card__icon\">\n\t\t\t\t\t\t\t\t\t\t\t\t\t\t<svg class=\"ams-icon ams-icon--arrow-right\" width=\"32\" height=\"32\" viewbox=\"0 0 32 32\" fill=\"currentColor\" aria-hidden=\"true\" xmlns=\"http:\/\/www.w3.org\/2000\/svg\">\n\t\t\t\t\t\t\t\t\t\t\t\t\t\t\t\t<path d=\"M15.4617 0.252159L14.9567 0.75931C14.6219 1.09545 14.6219 1.64048 14.9567 1.97669L27.7062 14.7806H0.857144C0.383786 14.7806 0 15.166 0 15.6414V16.3587C0 16.8341 0.383786 17.2195 0.857144 17.2195H27.7062L14.9567 30.0234C14.6219 30.3595 14.6219 30.9045 14.9567 31.2407L15.4617 31.7479C15.7964 32.084 16.3392 32.084 16.6739 31.7479L31.749 16.6087C32.0837 16.2725 32.0837 15.7275 31.749 15.3913L16.6739 0.252159C16.3392 -0.084053 15.7964 -0.084053 15.4617 0.252159Z\"\/>\n\t\t\t\t\t\t\t\n\t\t\t\t\t\t\t<\/svg>\n\t\t\t\t\t\t<\/div>\n\t\t\t\t\t<\/div>\n\n\t\t\t\t\t<div class=\"c-card__media \" style=\" \">\n\t\t\t\t\t\t<img decoding=\"async\" width=\"400\" height=\"267\" src=\"https:\/\/klaragymnasium.se\/wp-content\/uploads\/2023\/02\/sidhuvud-400x267.png\" class=\"attachment-sm size-sm\" alt=\"En grupp elever pluggar tillsammans vid ett bord.\" sizes=\"(min-width: 64em) 300px, (min-width: 48em) calc(.50 * (100vw - 224px)), calc(100vw - 160px)\" srcset=\"https:\/\/klaragymnasium.se\/wp-content\/uploads\/2023\/02\/sidhuvud-400x267.png 400w, https:\/\/klaragymnasium.se\/wp-content\/uploads\/2023\/02\/sidhuvud-300x200.png 300w, https:\/\/klaragymnasium.se\/wp-content\/uploads\/2023\/02\/sidhuvud-600x400.png 600w, https:\/\/klaragymnasium.se\/wp-content\/uploads\/2023\/02\/sidhuvud-800x533.png 800w, https:\/\/klaragymnasium.se\/wp-content\/uploads\/2023\/02\/sidhuvud-1024x682.png 1024w, https:\/\/klaragymnasium.se\/wp-content\/uploads\/2023\/02\/sidhuvud-1200x800.png 1200w, https:\/\/klaragymnasium.se\/wp-content\/uploads\/2023\/02\/sidhuvud.png 1796w\" \/>\n\t\t\t\t\t<\/div>\n\t\t\t\t<\/article>\n\t\t\t<\/li>\n\t\t\t\t\t\t\t\t\t\t\t\t\t\t\t\t\t\n\t\t\t\n\t\t\t\n\t\t\t<li class=\"l-col-6@md l-col-4@lg \" data-filter=\"nyheter juli-2022\">\n\t\t\t\t<article class=\"c-card  has-media-zoom  \" data-variant=\"border\" data-style=\"square\" data-click-area>\n\t\t\t\t\t<div class=\"c-card__content l-stack l-stack-sm\">\n\n\t\t\t\t\t\t\t\t\t\t\t\t\t<time class=\"c-card__date u-font-small\" datetime=\"2022-07-05\">5 juli 2022<\/time>\n\t\t\t\t\t\t\n\t\t\t\t\t\t\t\t\t\t\t\t\t<h3 class=\"c-card__title u-font-title-3\">\n\t\t\t\t\t\t\t\t\t\t\t\t\t\t\t\t\t<a class=\"c-card__link\" href=\"https:\/\/klaragymnasium.se\/linkoping\/artikel\/lokal\/var-alumn-zina-berattar-om-naturvetenskapsprogrammet-pa-klara-malmo\">\n\t\t\t\t\t\t\t\t\t\tAlumnen Zina ber\u00e4ttar om sin tid p\u00e5 KLAR&#8230;\n\t\t\t\t\t\t\t\t\t<\/a>\n\t\t\t\t\t\t\t\t\t\t\t\t\t\t\t<\/h3>\n\t\t\t\t\t\t\n\t\t\t\t\t\t\t\t\t\t\t\t\t<p class=\"c-card__text l-stack-xs u-font-body\">\n\t\t\t\t\t\t\t\tZina Abed Al Sattar l\u00e4ste Naturvetenskapsprogrammet \n\t\t\t\t\t\t\t<\/p>\n\t\t\t\t\t\t\n\t\t\t\t\t\t\t\t\t\t\t\t\t<ul class=\"c-card__tags l-stack-grow u-list-none u-pt-md\" aria-label=\"Kategorier\">\n\t\t\t\t\t\t\t\t\t\t\t\t\t\t\t\t\t<li><span class=\"c-tag\" data-variant=\"outline\">Nyheter<\/span><\/li>\n\t\t\t\t\t\t\t\t\t\t\t\t\t\t\t<\/ul>\n\t\t\t\t\t\t\n\t\t\t\t\t\t<div class=\"c-card__icon\">\n\t\t\t\t\t\t\t\t\t\t\t\t\t\t<svg class=\"ams-icon ams-icon--arrow-right\" width=\"32\" height=\"32\" viewbox=\"0 0 32 32\" fill=\"currentColor\" aria-hidden=\"true\" xmlns=\"http:\/\/www.w3.org\/2000\/svg\">\n\t\t\t\t\t\t\t\t\t\t\t\t\t\t\t\t<path d=\"M15.4617 0.252159L14.9567 0.75931C14.6219 1.09545 14.6219 1.64048 14.9567 1.97669L27.7062 14.7806H0.857144C0.383786 14.7806 0 15.166 0 15.6414V16.3587C0 16.8341 0.383786 17.2195 0.857144 17.2195H27.7062L14.9567 30.0234C14.6219 30.3595 14.6219 30.9045 14.9567 31.2407L15.4617 31.7479C15.7964 32.084 16.3392 32.084 16.6739 31.7479L31.749 16.6087C32.0837 16.2725 32.0837 15.7275 31.749 15.3913L16.6739 0.252159C16.3392 -0.084053 15.7964 -0.084053 15.4617 0.252159Z\"\/>\n\t\t\t\t\t\t\t\n\t\t\t\t\t\t\t<\/svg>\n\t\t\t\t\t\t<\/div>\n\t\t\t\t\t<\/div>\n\n\t\t\t\t\t<div class=\"c-card__media \" style=\" \">\n\t\t\t\t\t\t<img decoding=\"async\" width=\"400\" height=\"326\" src=\"https:\/\/klaragymnasium.se\/wp-content\/uploads\/2023\/05\/klara-malmo-zina-2022-400x326.jpeg\" class=\"attachment-sm size-sm\" alt=\"Portr\u00e4ttbild p\u00e5 elev.\" sizes=\"(min-width: 64em) 300px, (min-width: 48em) calc(.50 * (100vw - 224px)), calc(100vw - 160px)\" srcset=\"https:\/\/klaragymnasium.se\/wp-content\/uploads\/2023\/05\/klara-malmo-zina-2022-400x326.jpeg 400w, https:\/\/klaragymnasium.se\/wp-content\/uploads\/2023\/05\/klara-malmo-zina-2022-300x244.jpeg 300w, https:\/\/klaragymnasium.se\/wp-content\/uploads\/2023\/05\/klara-malmo-zina-2022-600x488.jpeg 600w, https:\/\/klaragymnasium.se\/wp-content\/uploads\/2023\/05\/klara-malmo-zina-2022-800x651.jpeg 800w, https:\/\/klaragymnasium.se\/wp-content\/uploads\/2023\/05\/klara-malmo-zina-2022-1024x833.jpeg 1024w, https:\/\/klaragymnasium.se\/wp-content\/uploads\/2023\/05\/klara-malmo-zina-2022-1200x977.jpeg 1200w, https:\/\/klaragymnasium.se\/wp-content\/uploads\/2023\/05\/klara-malmo-zina-2022.jpeg 1204w\" \/>\n\t\t\t\t\t<\/div>\n\t\t\t\t<\/article>\n\t\t\t<\/li>\n\t\t\t\t\t\t\t\t\t\t\t\t\t\t\t\t\t\n\t\t\t\n\t\t\t\n\t\t\t<li class=\"l-col-6@md l-col-4@lg \" data-filter=\"nyheter maj-2022\">\n\t\t\t\t<article class=\"c-card  has-media-zoom  \" data-variant=\"border\" data-style=\"square\" data-click-area>\n\t\t\t\t\t<div class=\"c-card__content l-stack l-stack-sm\">\n\n\t\t\t\t\t\t\t\t\t\t\t\t\t<time class=\"c-card__date u-font-small\" datetime=\"2022-05-27\">27 maj 2022<\/time>\n\t\t\t\t\t\t\n\t\t\t\t\t\t\t\t\t\t\t\t\t<h3 class=\"c-card__title u-font-title-3\">\n\t\t\t\t\t\t\t\t\t\t\t\t\t\t\t\t\t<a class=\"c-card__link\" href=\"https:\/\/klaragymnasium.se\/linkoping\/artikel\/lokal\/fn-rollspel-for-klaras-elever-med-klimatet-i-fokus\">\n\t\t\t\t\t\t\t\t\t\tFN-rollspel p\u00e5 KLARA\n\t\t\t\t\t\t\t\t\t<\/a>\n\t\t\t\t\t\t\t\t\t\t\t\t\t\t\t<\/h3>\n\t\t\t\t\t\t\n\t\t\t\t\t\t\t\t\t\t\t\t\t<p class=\"c-card__text l-stack-xs u-font-body\">\n\t\t\t\t\t\t\t\t130 elever fr\u00e5n KLARAs gymnasieskolor genomf\u00f6rde i veckan sitt f\u00f6rsta gemensamma&#8230;\n\t\t\t\t\t\t\t<\/p>\n\t\t\t\t\t\t\n\t\t\t\t\t\t\t\t\t\t\t\t\t<ul class=\"c-card__tags l-stack-grow u-list-none u-pt-md\" aria-label=\"Kategorier\">\n\t\t\t\t\t\t\t\t\t\t\t\t\t\t\t\t\t<li><span class=\"c-tag\" data-variant=\"outline\">Nyheter<\/span><\/li>\n\t\t\t\t\t\t\t\t\t\t\t\t\t\t\t<\/ul>\n\t\t\t\t\t\t\n\t\t\t\t\t\t<div class=\"c-card__icon\">\n\t\t\t\t\t\t\t\t\t\t\t\t\t\t<svg class=\"ams-icon ams-icon--arrow-right\" width=\"32\" height=\"32\" viewbox=\"0 0 32 32\" fill=\"currentColor\" aria-hidden=\"true\" xmlns=\"http:\/\/www.w3.org\/2000\/svg\">\n\t\t\t\t\t\t\t\t\t\t\t\t\t\t\t\t<path d=\"M15.4617 0.252159L14.9567 0.75931C14.6219 1.09545 14.6219 1.64048 14.9567 1.97669L27.7062 14.7806H0.857144C0.383786 14.7806 0 15.166 0 15.6414V16.3587C0 16.8341 0.383786 17.2195 0.857144 17.2195H27.7062L14.9567 30.0234C14.6219 30.3595 14.6219 30.9045 14.9567 31.2407L15.4617 31.7479C15.7964 32.084 16.3392 32.084 16.6739 31.7479L31.749 16.6087C32.0837 16.2725 32.0837 15.7275 31.749 15.3913L16.6739 0.252159C16.3392 -0.084053 15.7964 -0.084053 15.4617 0.252159Z\"\/>\n\t\t\t\t\t\t\t\n\t\t\t\t\t\t\t<\/svg>\n\t\t\t\t\t\t<\/div>\n\t\t\t\t\t<\/div>\n\n\t\t\t\t\t<div class=\"c-card__media \" style=\" \">\n\t\t\t\t\t\t<img decoding=\"async\" width=\"400\" height=\"266\" src=\"https:\/\/klaragymnasium.se\/wp-content\/uploads\/2023\/03\/fn-rollspel-gymnasiet-2-400x266.png\" class=\"attachment-sm size-sm\" alt=\"Elever st\u00e5r p\u00e5 scen under ett FN rollspel.\" sizes=\"(min-width: 64em) 300px, (min-width: 48em) calc(.50 * (100vw - 224px)), calc(100vw - 160px)\" srcset=\"https:\/\/klaragymnasium.se\/wp-content\/uploads\/2023\/03\/fn-rollspel-gymnasiet-2-400x266.png 400w, https:\/\/klaragymnasium.se\/wp-content\/uploads\/2023\/03\/fn-rollspel-gymnasiet-2-300x200.png 300w, https:\/\/klaragymnasium.se\/wp-content\/uploads\/2023\/03\/fn-rollspel-gymnasiet-2-600x400.png 600w, https:\/\/klaragymnasium.se\/wp-content\/uploads\/2023\/03\/fn-rollspel-gymnasiet-2-800x533.png 800w, https:\/\/klaragymnasium.se\/wp-content\/uploads\/2023\/03\/fn-rollspel-gymnasiet-2-1024x682.png 1024w, https:\/\/klaragymnasium.se\/wp-content\/uploads\/2023\/03\/fn-rollspel-gymnasiet-2-1200x799.png 1200w, https:\/\/klaragymnasium.se\/wp-content\/uploads\/2023\/03\/fn-rollspel-gymnasiet-2.png 1522w\" \/>\n\t\t\t\t\t<\/div>\n\t\t\t\t<\/article>\n\t\t\t<\/li>\n\t\t\t\t\t\t\t\t\t\t\t\t\t\t\t\t\t\n\t\t\t\n\t\t\t\n\t\t\t<li class=\"l-col-6@md l-col-4@lg \" data-filter=\"nyheter juni-2020\">\n\t\t\t\t<article class=\"c-card  has-media-zoom  \" data-variant=\"border\" data-style=\"square\" data-click-area>\n\t\t\t\t\t<div class=\"c-card__content l-stack l-stack-sm\">\n\n\t\t\t\t\t\t\t\t\t\t\t\t\t<time class=\"c-card__date u-font-small\" datetime=\"2020-06-26\">26 juni 2020<\/time>\n\t\t\t\t\t\t\n\t\t\t\t\t\t\t\t\t\t\t\t\t<h3 class=\"c-card__title u-font-title-3\">\n\t\t\t\t\t\t\t\t\t\t\t\t\t\t\t\t\t<a class=\"c-card__link\" href=\"https:\/\/klaragymnasium.se\/linkoping\/artikel\/lokal\/sofias-basta-tips-till-dig-som-ska-borja-gymnasiet\">\n\t\t\t\t\t\t\t\t\t\tSka du b\u00f6rja gymnasiet?\n\t\t\t\t\t\t\t\t\t<\/a>\n\t\t\t\t\t\t\t\t\t\t\t\t\t\t\t<\/h3>\n\t\t\t\t\t\t\n\t\t\t\t\t\t\t\t\t\t\t\t\t<p class=\"c-card__text l-stack-xs u-font-body\">\n\t\t\t\t\t\t\t\tSofia delar med sig av sina b\u00e4sta tips! \n\t\t\t\t\t\t\t<\/p>\n\t\t\t\t\t\t\n\t\t\t\t\t\t\t\t\t\t\t\t\t<ul class=\"c-card__tags l-stack-grow u-list-none u-pt-md\" aria-label=\"Kategorier\">\n\t\t\t\t\t\t\t\t\t\t\t\t\t\t\t\t\t<li><span class=\"c-tag\" data-variant=\"outline\">Nyheter<\/span><\/li>\n\t\t\t\t\t\t\t\t\t\t\t\t\t\t\t<\/ul>\n\t\t\t\t\t\t\n\t\t\t\t\t\t<div class=\"c-card__icon\">\n\t\t\t\t\t\t\t\t\t\t\t\t\t\t<svg class=\"ams-icon ams-icon--arrow-right\" width=\"32\" height=\"32\" viewbox=\"0 0 32 32\" fill=\"currentColor\" aria-hidden=\"true\" xmlns=\"http:\/\/www.w3.org\/2000\/svg\">\n\t\t\t\t\t\t\t\t\t\t\t\t\t\t\t\t<path d=\"M15.4617 0.252159L14.9567 0.75931C14.6219 1.09545 14.6219 1.64048 14.9567 1.97669L27.7062 14.7806H0.857144C0.383786 14.7806 0 15.166 0 15.6414V16.3587C0 16.8341 0.383786 17.2195 0.857144 17.2195H27.7062L14.9567 30.0234C14.6219 30.3595 14.6219 30.9045 14.9567 31.2407L15.4617 31.7479C15.7964 32.084 16.3392 32.084 16.6739 31.7479L31.749 16.6087C32.0837 16.2725 32.0837 15.7275 31.749 15.3913L16.6739 0.252159C16.3392 -0.084053 15.7964 -0.084053 15.4617 0.252159Z\"\/>\n\t\t\t\t\t\t\t\n\t\t\t\t\t\t\t<\/svg>\n\t\t\t\t\t\t<\/div>\n\t\t\t\t\t<\/div>\n\n\t\t\t\t\t<div class=\"c-card__media \" style=\" \">\n\t\t\t\t\t\t<img decoding=\"async\" width=\"400\" height=\"377\" src=\"https:\/\/klaragymnasium.se\/wp-content\/uploads\/2023\/03\/tips-borja-gymnasiet-400x377.png\" class=\"attachment-sm size-sm\" alt=\"Elev sitter p\u00e5 en b\u00e4nk i skolan och ler in i kameran.\" sizes=\"(min-width: 64em) 300px, (min-width: 48em) calc(.50 * (100vw - 224px)), calc(100vw - 160px)\" srcset=\"https:\/\/klaragymnasium.se\/wp-content\/uploads\/2023\/03\/tips-borja-gymnasiet-400x377.png 400w, https:\/\/klaragymnasium.se\/wp-content\/uploads\/2023\/03\/tips-borja-gymnasiet-300x283.png 300w, https:\/\/klaragymnasium.se\/wp-content\/uploads\/2023\/03\/tips-borja-gymnasiet-600x566.png 600w, https:\/\/klaragymnasium.se\/wp-content\/uploads\/2023\/03\/tips-borja-gymnasiet-800x754.png 800w, https:\/\/klaragymnasium.se\/wp-content\/uploads\/2023\/03\/tips-borja-gymnasiet-1024x965.png 1024w, https:\/\/klaragymnasium.se\/wp-content\/uploads\/2023\/03\/tips-borja-gymnasiet.png 1149w\" \/>\n\t\t\t\t\t<\/div>\n\t\t\t\t<\/article>\n\t\t\t<\/li>\n\t\t\t<\/ul>\n\n\t<div class=\"no-results u-mt-0 u-hide\" data-filter-fallback-id=\"ams-article-list-69f351f36f5e0\">\n\t<p>Det finns inga resultat som matchar din filtrering.<\/p>\n<\/div>\n\n\t    <div class=\"ams-article__more u-inline-items js-load-more-btn\">\n        <button href=\"#\"\n                class=\"c-btn\"\n                data-style=\"round\"\n                data-size=\"md\"\n                data-width=\"full-mobile\"\n                data-variant=\"outline\">\n        \tVisa fler resultat\n        <\/button>\n    <\/div>\n\n\n\t\t\n\t\t\t<div class=\"ams-article__action u-inline-items\">\n\t\t\t\t\t\t\t\n\n\n<a href=\"https:\/\/klaragymnasium.se\/linkoping\/nyheter\/\"\n\t\n\tclass=\"c-btn \"\n\tdata-style=\"round\"\n\tdata-size=\"md\"\n\tdata-width=\"full-mobile\"\n\tdata-variant=\"default\"\n\ttarget=\"_self\">\n\t\t\t<span class=\"label\"> Se alla nyheter<\/span>\n\t\t\t<\/a>\n\t\t\t<\/div>\n\t<\/div>\n\n\t\t\n\n<\/section>\n","protected":false},"template":"","article_category":[5],"yoast_head":"<!-- This site is optimized with the Yoast SEO plugin v22.0 - https:\/\/yoast.com\/wordpress\/plugins\/seo\/ -->\n<title>Gymnasieantagningen har \u00f6ppnat! - Klara Gymnasium Link\u00f6ping<\/title>\n<meta name=\"description\" content=\"Gymnasieantagningen har \u00f6ppnat! Nu har antagningen \u00f6ppnat! \u00c4r du intresserad av att s\u00f6ka till v\u00e5r skola? V\u00e4lkommen till Klara Gymnasium!\" \/>\n<meta name=\"robots\" content=\"index, follow, max-snippet:-1, max-image-preview:large, max-video-preview:-1\" \/>\n<link rel=\"canonical\" href=\"https:\/\/klaragymnasium.se\/linkoping\/nyheter\/gymnasieantagningen-har-oppnat\/\" \/>\n<meta property=\"og:locale\" content=\"sv_SE\" \/>\n<meta property=\"og:type\" content=\"article\" \/>\n<meta property=\"og:title\" content=\"Gymnasieantagningen har \u00f6ppnat! - Klara Gymnasium Link\u00f6ping\" \/>\n<meta property=\"og:description\" content=\"Gymnasieantagningen har \u00f6ppnat! Nu har antagningen \u00f6ppnat! \u00c4r du intresserad av att s\u00f6ka till v\u00e5r skola? V\u00e4lkommen till Klara Gymnasium!\" \/>\n<meta property=\"og:url\" content=\"https:\/\/klaragymnasium.se\/linkoping\/nyheter\/gymnasieantagningen-har-oppnat\/\" \/>\n<meta property=\"og:site_name\" content=\"Link\u00f6ping\" \/>\n<meta property=\"article:modified_time\" content=\"2024-01-04T13:51:11+00:00\" \/>\n<meta name=\"twitter:card\" content=\"summary_large_image\" \/>\n<meta name=\"twitter:title\" content=\"Gymnasieantagningen har \u00f6ppnat! - Klara Gymnasium Link\u00f6ping\" \/>\n<meta name=\"twitter:description\" content=\"Gymnasieantagningen har \u00f6ppnat! Nu har antagningen \u00f6ppnat! \u00c4r du intresserad av att s\u00f6ka till v\u00e5r skola? V\u00e4lkommen till Klara Gymnasium!\" \/>\n<meta name=\"twitter:image\" content=\"https:\/\/klaragymnasium.se\/wp-content\/uploads\/sites\/7\/2023\/05\/klara-linkoping.jpeg\" \/>\n<meta name=\"twitter:label1\" content=\"Est. reading time\" \/>\n\t<meta name=\"twitter:data1\" content=\"1 minut\" \/>\n<script type=\"application\/ld+json\" class=\"yoast-schema-graph\">{\"@context\":\"https:\/\/schema.org\",\"@graph\":[{\"@type\":\"WebPage\",\"@id\":\"https:\/\/klaragymnasium.se\/linkoping\/nyheter\/gymnasieantagningen-har-oppnat\/\",\"url\":\"https:\/\/klaragymnasium.se\/linkoping\/nyheter\/gymnasieantagningen-har-oppnat\/\",\"name\":\"Gymnasieantagningen har \u00f6ppnat! - Klara Gymnasium Link\u00f6ping\",\"isPartOf\":{\"@id\":\"https:\/\/klaragymnasium.se\/linkoping\/#website\"},\"datePublished\":\"2024-01-15T06:00:00+00:00\",\"dateModified\":\"2024-01-04T13:51:11+00:00\",\"description\":\"Gymnasieantagningen har \u00f6ppnat! Nu har antagningen \u00f6ppnat! \u00c4r du intresserad av att s\u00f6ka till v\u00e5r skola? V\u00e4lkommen till Klara Gymnasium!\",\"breadcrumb\":{\"@id\":\"https:\/\/klaragymnasium.se\/linkoping\/nyheter\/gymnasieantagningen-har-oppnat\/#breadcrumb\"},\"inLanguage\":\"sv-SE\",\"potentialAction\":[{\"@type\":\"ReadAction\",\"target\":[\"https:\/\/klaragymnasium.se\/linkoping\/nyheter\/gymnasieantagningen-har-oppnat\/\"]}]},{\"@type\":\"BreadcrumbList\",\"@id\":\"https:\/\/klaragymnasium.se\/linkoping\/nyheter\/gymnasieantagningen-har-oppnat\/#breadcrumb\",\"itemListElement\":[{\"@type\":\"ListItem\",\"position\":1,\"name\":\"Start\",\"item\":\"https:\/\/klaragymnasium.se\/linkoping\"},{\"@type\":\"ListItem\",\"position\":2,\"name\":\"Nyheter\"}]},{\"@type\":\"WebSite\",\"@id\":\"https:\/\/klaragymnasium.se\/linkoping\/#website\",\"url\":\"https:\/\/klaragymnasium.se\/linkoping\/\",\"name\":\"Link\u00f6ping\",\"description\":\"Just another WordPress site\",\"potentialAction\":[{\"@type\":\"SearchAction\",\"target\":{\"@type\":\"EntryPoint\",\"urlTemplate\":\"https:\/\/klaragymnasium.se\/linkoping\/?s={search_term_string}\"},\"query-input\":\"required name=search_term_string\"}],\"inLanguage\":\"sv-SE\"}]}<\/script>\n<!-- \/ Yoast SEO plugin. -->","yoast_head_json":{"title":"Gymnasieantagningen har \u00f6ppnat! - Klara Gymnasium Link\u00f6ping","description":"Gymnasieantagningen har \u00f6ppnat! Nu har antagningen \u00f6ppnat! \u00c4r du intresserad av att s\u00f6ka till v\u00e5r skola? V\u00e4lkommen till Klara Gymnasium!","robots":{"index":"index","follow":"follow","max-snippet":"max-snippet:-1","max-image-preview":"max-image-preview:large","max-video-preview":"max-video-preview:-1"},"canonical":"https:\/\/klaragymnasium.se\/linkoping\/nyheter\/gymnasieantagningen-har-oppnat\/","og_locale":"sv_SE","og_type":"article","og_title":"Gymnasieantagningen har \u00f6ppnat! - Klara Gymnasium Link\u00f6ping","og_description":"Gymnasieantagningen har \u00f6ppnat! Nu har antagningen \u00f6ppnat! \u00c4r du intresserad av att s\u00f6ka till v\u00e5r skola? V\u00e4lkommen till Klara Gymnasium!","og_url":"https:\/\/klaragymnasium.se\/linkoping\/nyheter\/gymnasieantagningen-har-oppnat\/","og_site_name":"Link\u00f6ping","article_modified_time":"2024-01-04T13:51:11+00:00","twitter_card":"summary_large_image","twitter_title":"Gymnasieantagningen har \u00f6ppnat! - Klara Gymnasium Link\u00f6ping","twitter_description":"Gymnasieantagningen har \u00f6ppnat! Nu har antagningen \u00f6ppnat! \u00c4r du intresserad av att s\u00f6ka till v\u00e5r skola? V\u00e4lkommen till Klara Gymnasium!","twitter_image":"https:\/\/klaragymnasium.se\/wp-content\/uploads\/sites\/7\/2023\/05\/klara-linkoping.jpeg","twitter_misc":{"Est. reading time":"1 minut"},"schema":{"@context":"https:\/\/schema.org","@graph":[{"@type":"WebPage","@id":"https:\/\/klaragymnasium.se\/linkoping\/nyheter\/gymnasieantagningen-har-oppnat\/","url":"https:\/\/klaragymnasium.se\/linkoping\/nyheter\/gymnasieantagningen-har-oppnat\/","name":"Gymnasieantagningen har \u00f6ppnat! - Klara Gymnasium Link\u00f6ping","isPartOf":{"@id":"https:\/\/klaragymnasium.se\/linkoping\/#website"},"datePublished":"2024-01-15T06:00:00+00:00","dateModified":"2024-01-04T13:51:11+00:00","description":"Gymnasieantagningen har \u00f6ppnat! Nu har antagningen \u00f6ppnat! \u00c4r du intresserad av att s\u00f6ka till v\u00e5r skola? V\u00e4lkommen till Klara Gymnasium!","breadcrumb":{"@id":"https:\/\/klaragymnasium.se\/linkoping\/nyheter\/gymnasieantagningen-har-oppnat\/#breadcrumb"},"inLanguage":"sv-SE","potentialAction":[{"@type":"ReadAction","target":["https:\/\/klaragymnasium.se\/linkoping\/nyheter\/gymnasieantagningen-har-oppnat\/"]}]},{"@type":"BreadcrumbList","@id":"https:\/\/klaragymnasium.se\/linkoping\/nyheter\/gymnasieantagningen-har-oppnat\/#breadcrumb","itemListElement":[{"@type":"ListItem","position":1,"name":"Start","item":"https:\/\/klaragymnasium.se\/linkoping"},{"@type":"ListItem","position":2,"name":"Nyheter"}]},{"@type":"WebSite","@id":"https:\/\/klaragymnasium.se\/linkoping\/#website","url":"https:\/\/klaragymnasium.se\/linkoping\/","name":"Link\u00f6ping","description":"Just another WordPress site","potentialAction":[{"@type":"SearchAction","target":{"@type":"EntryPoint","urlTemplate":"https:\/\/klaragymnasium.se\/linkoping\/?s={search_term_string}"},"query-input":"required name=search_term_string"}],"inLanguage":"sv-SE"}]}},"_links":{"self":[{"href":"https:\/\/klaragymnasium.se\/linkoping\/wp-json\/wp\/v2\/article\/2009"}],"collection":[{"href":"https:\/\/klaragymnasium.se\/linkoping\/wp-json\/wp\/v2\/article"}],"about":[{"href":"https:\/\/klaragymnasium.se\/linkoping\/wp-json\/wp\/v2\/types\/article"}],"wp:attachment":[{"href":"https:\/\/klaragymnasium.se\/linkoping\/wp-json\/wp\/v2\/media?parent=2009"}],"wp:term":[{"taxonomy":"article_category","embeddable":true,"href":"https:\/\/klaragymnasium.se\/linkoping\/wp-json\/wp\/v2\/article_category?post=2009"}],"curies":[{"name":"wp","href":"https:\/\/api.w.org\/{rel}","templated":true}]}}