{"id":2949,"date":"2023-12-01T12:00:00","date_gmt":"2023-12-01T11:00:00","guid":{"rendered":"https:\/\/klaragymnasium.se\/goteborg-postgatan\/?post_type=article&#038;p=2949"},"modified":"2024-01-05T08:47:26","modified_gmt":"2024-01-05T07:47:26","slug":"gymnasieantagningen-har-oppnat","status":"publish","type":"article","link":"https:\/\/klaragymnasium.se\/goteborg-postgatan\/artikel\/gymnasieantagningen-har-oppnat\/","title":{"rendered":"Gymnasieantagningen har \u00f6ppnat"},"content":{"rendered":"\n<div class=\"wp-block-columns is-layout-flex wp-container-core-columns-layout-1 wp-block-columns-is-layout-flex\">\n<div class=\"wp-block-column is-layout-flow wp-block-column-is-layout-flow\" style=\"flex-basis:15%\"><\/div>\n\n\n\n<div class=\"wp-block-column is-layout-flow wp-block-column-is-layout-flow\" style=\"flex-basis:70%\">\t<div\n\t\t class=\"module_wrapper container-fluid images-module\" >\n\t\t<div class=\"row\">\n\t\t\t<div\n\t\t\t\t\tclass=\"col-12 m-0 p-0 position-relative images_module__slideshow images_module__slideshow-container module-expand \">\n\n\t\t\t\t<div class=\"images_module__slide \" data-slide=\"\"\n\t\t\t\t\t data-duration=\"\"><\/div>\n\t\t\t\t\t\t\t\t\t<div\n\t\t\t\t\t\t class=\"images_module__slides \">\n\n\n\t\t\t\t\t\t<div class=\"images__wrapper\"\n\t\t\t\t\t\t\t style=\"aspect-ratio: 851 \/ 531;\">\n\t\t\t\t\t\t\t<img decoding=\"async\" width=\"1367\" height=\"1366\" src=\"https:\/\/klaragymnasium.se\/wp-content\/uploads\/sites\/6\/2023\/04\/hogskoleforberedande-gymnasium-goteborg-2048x1366-1-e1681972347346.jpeg\" class=\"images__image_ratio  \" alt=\"Elever i ett klassrum\" style=\"aspect-ratio: 851 \/ 531;object-position: center center;\" srcset=\"https:\/\/klaragymnasium.se\/wp-content\/uploads\/sites\/6\/2023\/04\/hogskoleforberedande-gymnasium-goteborg-2048x1366-1-e1681972347346.jpeg 1367w, https:\/\/klaragymnasium.se\/wp-content\/uploads\/sites\/6\/2023\/04\/hogskoleforberedande-gymnasium-goteborg-2048x1366-1-e1681972347346-150x150.jpeg 150w, https:\/\/klaragymnasium.se\/wp-content\/uploads\/sites\/6\/2023\/04\/hogskoleforberedande-gymnasium-goteborg-2048x1366-1-e1681972347346-300x300.jpeg 300w, https:\/\/klaragymnasium.se\/wp-content\/uploads\/sites\/6\/2023\/04\/hogskoleforberedande-gymnasium-goteborg-2048x1366-1-e1681972347346-400x400.jpeg 400w, https:\/\/klaragymnasium.se\/wp-content\/uploads\/sites\/6\/2023\/04\/hogskoleforberedande-gymnasium-goteborg-2048x1366-1-e1681972347346-600x600.jpeg 600w, https:\/\/klaragymnasium.se\/wp-content\/uploads\/sites\/6\/2023\/04\/hogskoleforberedande-gymnasium-goteborg-2048x1366-1-e1681972347346-800x799.jpeg 800w, https:\/\/klaragymnasium.se\/wp-content\/uploads\/sites\/6\/2023\/04\/hogskoleforberedande-gymnasium-goteborg-2048x1366-1-e1681972347346-1024x1023.jpeg 1024w, https:\/\/klaragymnasium.se\/wp-content\/uploads\/sites\/6\/2023\/04\/hogskoleforberedande-gymnasium-goteborg-2048x1366-1-e1681972347346-1200x1199.jpeg 1200w\" sizes=\"(max-width: 1367px) 100vw, 1367px\" \/>\t\t\t\t\t\t<\/div>\n\n\t\t\t\t\t\t\n\t\t\t\t\t\t\t\t\t\t\t<\/div>\n\t\t\t\t\n\t\t\t\t<div class=\"images_module__container_dot \">\n\t\t\t\t\t<div style=\"text-align:center\">\n\t\t\t\t\t\t\t\t\t\t\t\t\t<span   data-i=\"0\"\n\t\t\t\t\t\t\t\t  class=\"images_module__dot\n\t\t\t\t\t\t\t\t\t\t\t\t\t  \"><\/span>\n\t\t\t\t\t\t\t\t\t\t\t<\/div>\n\t\t\t\t<\/div>\n\n\t\t\t<\/div>\n\t\t<\/div>\n\t<\/div>\n\n\n\t\n\n\n<script>\n\tvar images_display_descriptive_text = \"\";\n<\/script>\n\n\n\n<p><\/p>\n\n\n\n<h1 class=\"wp-block-heading\">Gymnasieantagningen har \u00f6ppnat! <\/h1>\n\n\n\n<p   class=\"site__ingress container text-left  site__text-color--dark  site__free_text--ingress p-0\">\n\tNu har antagningen \u00f6ppnat! \u00c4r du intresserad av att s\u00f6ka till Klara Teoretiska Gymnasium G\u00f6teborg Postgatan?<\/p>\n\n\n\n\n\n<p><meta charset=\"utf-8\">F\u00f6r att s\u00f6ka till KLARA Postgatan g\u00e5r du in p\u00e5 <a href=\"https:\/\/indra2.se\/\" target=\"_blank\" rel=\"noreferrer noopener\">ans\u00f6kningswebben<\/a> och g\u00f6r din ans\u00f6kan senast den 1 februari. D\u00e4r hittar du \u00e4ven mer information om hur ans\u00f6kningsprocessen g\u00e5r till och andra viktiga datum att ha koll p\u00e5 kopplat till ditt gymnasieval!<\/p>\n\n\n\n<p><meta charset=\"utf-8\">Vill du veta mer om KLARA Postgatan? Du kan l\u00e4sa mer om KLARA Postgatan <a href=\"https:\/\/klaragymnasium.se\/goteborg-postgatan\/var-skola\/\">h\u00e4r<\/a>. Du kan \u00e4ven l\u00e4sa mer om <a href=\"https:\/\/klaragymnasium.se\/goteborg-postgatan\/gymnasieprogram\/\">v\u00e5ra program<\/a>.<\/p>\n\n\n\n<p><meta charset=\"utf-8\">Vi hoppas att detta ska ge dig en klarare bild av vilka vi \u00e4r och g\u00f6ra ditt gymnasieval lite l\u00e4ttare!<\/p>\n<\/div>\n\n\n\n<div class=\"wp-block-column is-layout-flow wp-block-column-is-layout-flow\" style=\"flex-basis:15%\"><\/div>\n<\/div>\n\n\n\n\n\n<section  class=\"ams-article c-block l-stacked js-load-more\" data-color-scheme=\"cards\" data-count=\"3\" data-count-mobile=\"3\">\n\t<div class=\"l-container l-stack l-stack-fluid-2xl u-pt-fluid-3xl-6xl u-pb-fluid-3xl-6xl is-center is-center@md\">\n\t\t\t\t\t<div class=\"ams-article__intro l-stack l-stack-lg\">\n\t\t\t\t\t\n\t<h2\n\tclass=\"c-heading u-font-title-1 \"\n\tstyle=\"\">\n\t\t\n\t\t\t\t\tNyheter\n\t\t\t\t\n\t<\/h2>\n\n\t\t\t\t\t\t\t<\/div>\n\t\t\n\t\t\t\n\t    \n\t\n\t<ul id=\"ams-article-list-69f4759505542\" class=\"ams-article__list l-grid u-gap-2xl u-justify-center js-results \" aria-label=\"Artiklar\" data-filter-animation=\"off\">\n\t\t\t\t\t\t\t\t\t\t\t\t\t\t\t\t\t\n\t\t\t\n\t\t\t\n\t\t\t<li class=\"l-col-6@md l-col-4@lg \" data-filter=\"nyheter december-2023\">\n\t\t\t\t<article class=\"c-card  has-media-zoom  \" data-variant=\"border\" data-style=\"square\" data-click-area>\n\t\t\t\t\t<div class=\"c-card__content l-stack l-stack-sm\">\n\n\t\t\t\t\t\t\t\t\t\t\t\t\t<time class=\"c-card__date u-font-small\" datetime=\"2023-12-01\">1 december 2023<\/time>\n\t\t\t\t\t\t\n\t\t\t\t\t\t\t\t\t\t\t\t\t<h3 class=\"c-card__title u-font-title-3\">\n\t\t\t\t\t\t\t\t\t\t\t\t\t\t\t\t\t<a class=\"c-card__link\" href=\"https:\/\/klaragymnasium.se\/goteborg-postgatan\/artikel\/gymnasieantagningen-har-oppnat\/\">\n\t\t\t\t\t\t\t\t\t\tS\u00f6k till KLARA Postgatan\n\t\t\t\t\t\t\t\t\t<\/a>\n\t\t\t\t\t\t\t\t\t\t\t\t\t\t\t<\/h3>\n\t\t\t\t\t\t\n\t\t\t\t\t\t\t\t\t\t\t\t\t<p class=\"c-card__text l-stack-xs u-font-body\">\n\t\t\t\t\t\t\t\tNu har gymnasieantagningen i G\u00f6teborg \u00f6ppnat. S\u00f6k till KLARA Postgatan! \n\t\t\t\t\t\t\t<\/p>\n\t\t\t\t\t\t\n\t\t\t\t\t\t\t\t\t\t\t\t\t<ul class=\"c-card__tags l-stack-grow u-list-none u-pt-md\" aria-label=\"Kategorier\">\n\t\t\t\t\t\t\t\t\t\t\t\t\t\t\t\t\t<li><span class=\"c-tag\" data-variant=\"outline\">Nyheter<\/span><\/li>\n\t\t\t\t\t\t\t\t\t\t\t\t\t\t\t<\/ul>\n\t\t\t\t\t\t\n\t\t\t\t\t\t<div class=\"c-card__icon\">\n\t\t\t\t\t\t\t\t\t\t\t\t\t\t<svg class=\"ams-icon ams-icon--arrow-right\" width=\"32\" height=\"32\" viewbox=\"0 0 32 32\" fill=\"currentColor\" aria-hidden=\"true\" xmlns=\"http:\/\/www.w3.org\/2000\/svg\">\n\t\t\t\t\t\t\t\t\t\t\t\t\t\t\t\t<path d=\"M15.4617 0.252159L14.9567 0.75931C14.6219 1.09545 14.6219 1.64048 14.9567 1.97669L27.7062 14.7806H0.857144C0.383786 14.7806 0 15.166 0 15.6414V16.3587C0 16.8341 0.383786 17.2195 0.857144 17.2195H27.7062L14.9567 30.0234C14.6219 30.3595 14.6219 30.9045 14.9567 31.2407L15.4617 31.7479C15.7964 32.084 16.3392 32.084 16.6739 31.7479L31.749 16.6087C32.0837 16.2725 32.0837 15.7275 31.749 15.3913L16.6739 0.252159C16.3392 -0.084053 15.7964 -0.084053 15.4617 0.252159Z\"\/>\n\t\t\t\t\t\t\t\n\t\t\t\t\t\t\t<\/svg>\n\t\t\t\t\t\t<\/div>\n\t\t\t\t\t<\/div>\n\n\t\t\t\t\t<div class=\"c-card__media \" style=\" \">\n\t\t\t\t\t\t<img decoding=\"async\" width=\"400\" height=\"400\" src=\"https:\/\/klaragymnasium.se\/wp-content\/uploads\/sites\/6\/2023\/04\/hogskoleforberedande-gymnasium-goteborg-2048x1366-1-e1681972347346-400x400.jpeg\" class=\"attachment-sm size-sm\" alt=\"Elever i ett klassrum\" sizes=\"(min-width: 64em) 300px, (min-width: 48em) calc(.50 * (100vw - 224px)), calc(100vw - 160px)\" srcset=\"https:\/\/klaragymnasium.se\/wp-content\/uploads\/sites\/6\/2023\/04\/hogskoleforberedande-gymnasium-goteborg-2048x1366-1-e1681972347346-400x400.jpeg 400w, https:\/\/klaragymnasium.se\/wp-content\/uploads\/sites\/6\/2023\/04\/hogskoleforberedande-gymnasium-goteborg-2048x1366-1-e1681972347346-150x150.jpeg 150w, https:\/\/klaragymnasium.se\/wp-content\/uploads\/sites\/6\/2023\/04\/hogskoleforberedande-gymnasium-goteborg-2048x1366-1-e1681972347346-300x300.jpeg 300w, https:\/\/klaragymnasium.se\/wp-content\/uploads\/sites\/6\/2023\/04\/hogskoleforberedande-gymnasium-goteborg-2048x1366-1-e1681972347346-600x600.jpeg 600w, https:\/\/klaragymnasium.se\/wp-content\/uploads\/sites\/6\/2023\/04\/hogskoleforberedande-gymnasium-goteborg-2048x1366-1-e1681972347346-800x799.jpeg 800w, https:\/\/klaragymnasium.se\/wp-content\/uploads\/sites\/6\/2023\/04\/hogskoleforberedande-gymnasium-goteborg-2048x1366-1-e1681972347346-1024x1023.jpeg 1024w, https:\/\/klaragymnasium.se\/wp-content\/uploads\/sites\/6\/2023\/04\/hogskoleforberedande-gymnasium-goteborg-2048x1366-1-e1681972347346-1200x1199.jpeg 1200w, https:\/\/klaragymnasium.se\/wp-content\/uploads\/sites\/6\/2023\/04\/hogskoleforberedande-gymnasium-goteborg-2048x1366-1-e1681972347346.jpeg 1367w\" \/>\n\t\t\t\t\t<\/div>\n\t\t\t\t<\/article>\n\t\t\t<\/li>\n\t\t\t\t\t\t\t\t\t\t\t\t\t\t\t\t\t\n\t\t\t\n\t\t\t\n\t\t\t<li class=\"l-col-6@md l-col-4@lg \" data-filter=\"nyheter oktober-2021\">\n\t\t\t\t<article class=\"c-card  has-media-zoom  \" data-variant=\"border\" data-style=\"square\" data-click-area>\n\t\t\t\t\t<div class=\"c-card__content l-stack l-stack-sm\">\n\n\t\t\t\t\t\t\t\t\t\t\t\t\t<time class=\"c-card__date u-font-small\" datetime=\"2021-10-11\">11 oktober 2021<\/time>\n\t\t\t\t\t\t\n\t\t\t\t\t\t\t\t\t\t\t\t\t<h3 class=\"c-card__title u-font-title-3\">\n\t\t\t\t\t\t\t\t\t\t\t\t\t\t\t\t\t<a class=\"c-card__link\" href=\"https:\/\/klaragymnasium.se\/goteborg-postgatan\/artikel\/varfor-atervinns-inte-din-atervinning-elever-pa-klara-har-svaret\/\">\n\t\t\t\t\t\t\t\t\t\tVarf\u00f6r \u00e5tervinns inte din \u00e5ter&#8230;\n\t\t\t\t\t\t\t\t\t<\/a>\n\t\t\t\t\t\t\t\t\t\t\t\t\t\t\t<\/h3>\n\t\t\t\t\t\t\n\t\t\t\t\t\t\t\t\t\t\t\t\t<p class=\"c-card__text l-stack-xs u-font-body\">\n\t\t\t\t\t\t\t\tDu tror s\u00e4kert att all plast som du l\u00e4mn&#8230;\n\t\t\t\t\t\t\t<\/p>\n\t\t\t\t\t\t\n\t\t\t\t\t\t\t\t\t\t\t\t\t<ul class=\"c-card__tags l-stack-grow u-list-none u-pt-md\" aria-label=\"Kategorier\">\n\t\t\t\t\t\t\t\t\t\t\t\t\t\t\t\t\t<li><span class=\"c-tag\" data-variant=\"outline\">Nyheter<\/span><\/li>\n\t\t\t\t\t\t\t\t\t\t\t\t\t\t\t<\/ul>\n\t\t\t\t\t\t\n\t\t\t\t\t\t<div class=\"c-card__icon\">\n\t\t\t\t\t\t\t\t\t\t\t\t\t\t<svg class=\"ams-icon ams-icon--arrow-right\" width=\"32\" height=\"32\" viewbox=\"0 0 32 32\" fill=\"currentColor\" aria-hidden=\"true\" xmlns=\"http:\/\/www.w3.org\/2000\/svg\">\n\t\t\t\t\t\t\t\t\t\t\t\t\t\t\t\t<path d=\"M15.4617 0.252159L14.9567 0.75931C14.6219 1.09545 14.6219 1.64048 14.9567 1.97669L27.7062 14.7806H0.857144C0.383786 14.7806 0 15.166 0 15.6414V16.3587C0 16.8341 0.383786 17.2195 0.857144 17.2195H27.7062L14.9567 30.0234C14.6219 30.3595 14.6219 30.9045 14.9567 31.2407L15.4617 31.7479C15.7964 32.084 16.3392 32.084 16.6739 31.7479L31.749 16.6087C32.0837 16.2725 32.0837 15.7275 31.749 15.3913L16.6739 0.252159C16.3392 -0.084053 15.7964 -0.084053 15.4617 0.252159Z\"\/>\n\t\t\t\t\t\t\t\n\t\t\t\t\t\t\t<\/svg>\n\t\t\t\t\t\t<\/div>\n\t\t\t\t\t<\/div>\n\n\t\t\t\t\t<div class=\"c-card__media \" style=\" \">\n\t\t\t\t\t\t<img decoding=\"async\" width=\"400\" height=\"225\" src=\"https:\/\/klaragymnasium.se\/wp-content\/uploads\/sites\/6\/2023\/03\/hallbartgymnasie-400x225.jpg\" class=\"attachment-sm size-sm\" alt=\"Elever umg\u00e5s i skolans gemensamma lokaler\" sizes=\"(min-width: 64em) 300px, (min-width: 48em) calc(.50 * (100vw - 224px)), calc(100vw - 160px)\" srcset=\"https:\/\/klaragymnasium.se\/wp-content\/uploads\/sites\/6\/2023\/03\/hallbartgymnasie-400x225.jpg 400w, https:\/\/klaragymnasium.se\/wp-content\/uploads\/sites\/6\/2023\/03\/hallbartgymnasie-300x169.jpg 300w, https:\/\/klaragymnasium.se\/wp-content\/uploads\/sites\/6\/2023\/03\/hallbartgymnasie-600x338.jpg 600w, https:\/\/klaragymnasium.se\/wp-content\/uploads\/sites\/6\/2023\/03\/hallbartgymnasie-800x450.jpg 800w, https:\/\/klaragymnasium.se\/wp-content\/uploads\/sites\/6\/2023\/03\/hallbartgymnasie-1024x576.jpg 1024w, https:\/\/klaragymnasium.se\/wp-content\/uploads\/sites\/6\/2023\/03\/hallbartgymnasie-1200x675.jpg 1200w, https:\/\/klaragymnasium.se\/wp-content\/uploads\/sites\/6\/2023\/03\/hallbartgymnasie.jpg 1920w\" \/>\n\t\t\t\t\t<\/div>\n\t\t\t\t<\/article>\n\t\t\t<\/li>\n\t\t\t\t\t\t\t\t\t\t\t\t\t\t\t\t\t\n\t\t\t\n\t\t\t\n\t\t\t<li class=\"l-col-6@md l-col-4@lg \" data-filter=\"nyheter februari-2021\">\n\t\t\t\t<article class=\"c-card  has-media-zoom  \" data-variant=\"border\" data-style=\"square\" data-click-area>\n\t\t\t\t\t<div class=\"c-card__content l-stack l-stack-sm\">\n\n\t\t\t\t\t\t\t\t\t\t\t\t\t<time class=\"c-card__date u-font-small\" datetime=\"2021-02-16\">16 februari 2021<\/time>\n\t\t\t\t\t\t\n\t\t\t\t\t\t\t\t\t\t\t\t\t<h3 class=\"c-card__title u-font-title-3\">\n\t\t\t\t\t\t\t\t\t\t\t\t\t\t\t\t\t<a class=\"c-card__link\" href=\"https:\/\/klaragymnasium.se\/goteborg-postgatan\/artikel\/hur-ar-det-att-lasa-samhallsvetenskapsprogrammet-pa-postgatan\/\">\n\t\t\t\t\t\t\t\t\t\tHur \u00e4r det att l\u00e4sa Samh\u00e4ll p\u00e5&#8230;\n\t\t\t\t\t\t\t\t\t<\/a>\n\t\t\t\t\t\t\t\t\t\t\t\t\t\t\t<\/h3>\n\t\t\t\t\t\t\n\t\t\t\t\t\t\t\t\t\t\t\t\t<p class=\"c-card__text l-stack-xs u-font-body\">\n\t\t\t\t\t\t\t\tV\u00e5r elev Oscar ber\u00e4ttar\n\t\t\t\t\t\t\t<\/p>\n\t\t\t\t\t\t\n\t\t\t\t\t\t\t\t\t\t\t\t\t<ul class=\"c-card__tags l-stack-grow u-list-none u-pt-md\" aria-label=\"Kategorier\">\n\t\t\t\t\t\t\t\t\t\t\t\t\t\t\t\t\t<li><span class=\"c-tag\" data-variant=\"outline\">Nyheter<\/span><\/li>\n\t\t\t\t\t\t\t\t\t\t\t\t\t\t\t<\/ul>\n\t\t\t\t\t\t\n\t\t\t\t\t\t<div class=\"c-card__icon\">\n\t\t\t\t\t\t\t\t\t\t\t\t\t\t<svg class=\"ams-icon ams-icon--arrow-right\" width=\"32\" height=\"32\" viewbox=\"0 0 32 32\" fill=\"currentColor\" aria-hidden=\"true\" xmlns=\"http:\/\/www.w3.org\/2000\/svg\">\n\t\t\t\t\t\t\t\t\t\t\t\t\t\t\t\t<path d=\"M15.4617 0.252159L14.9567 0.75931C14.6219 1.09545 14.6219 1.64048 14.9567 1.97669L27.7062 14.7806H0.857144C0.383786 14.7806 0 15.166 0 15.6414V16.3587C0 16.8341 0.383786 17.2195 0.857144 17.2195H27.7062L14.9567 30.0234C14.6219 30.3595 14.6219 30.9045 14.9567 31.2407L15.4617 31.7479C15.7964 32.084 16.3392 32.084 16.6739 31.7479L31.749 16.6087C32.0837 16.2725 32.0837 15.7275 31.749 15.3913L16.6739 0.252159C16.3392 -0.084053 15.7964 -0.084053 15.4617 0.252159Z\"\/>\n\t\t\t\t\t\t\t\n\t\t\t\t\t\t\t<\/svg>\n\t\t\t\t\t\t<\/div>\n\t\t\t\t\t<\/div>\n\n\t\t\t\t\t<div class=\"c-card__media \" style=\" \">\n\t\t\t\t\t\t<img decoding=\"async\" width=\"400\" height=\"267\" src=\"https:\/\/klaragymnasium.se\/wp-content\/uploads\/sites\/6\/2023\/05\/klara-postgatan-400x267.jpeg\" class=\"attachment-sm size-sm\" alt=\"Elever i ett klassrum\" sizes=\"(min-width: 64em) 300px, (min-width: 48em) calc(.50 * (100vw - 224px)), calc(100vw - 160px)\" srcset=\"https:\/\/klaragymnasium.se\/wp-content\/uploads\/sites\/6\/2023\/05\/klara-postgatan-400x267.jpeg 400w, https:\/\/klaragymnasium.se\/wp-content\/uploads\/sites\/6\/2023\/05\/klara-postgatan-300x200.jpeg 300w, https:\/\/klaragymnasium.se\/wp-content\/uploads\/sites\/6\/2023\/05\/klara-postgatan-600x400.jpeg 600w, https:\/\/klaragymnasium.se\/wp-content\/uploads\/sites\/6\/2023\/05\/klara-postgatan-800x534.jpeg 800w, https:\/\/klaragymnasium.se\/wp-content\/uploads\/sites\/6\/2023\/05\/klara-postgatan.jpeg 1024w\" \/>\n\t\t\t\t\t<\/div>\n\t\t\t\t<\/article>\n\t\t\t<\/li>\n\t\t\t<\/ul>\n\n\t<div class=\"no-results u-mt-0 u-hide\" data-filter-fallback-id=\"ams-article-list-69f4759505542\">\n\t<p>Det finns inga resultat som matchar din filtrering.<\/p>\n<\/div>\n\n\t    <div class=\"ams-article__more u-inline-items js-load-more-btn\">\n        <button href=\"#\"\n                class=\"c-btn\"\n                data-style=\"round\"\n                data-size=\"md\"\n                data-width=\"full-mobile\"\n                data-variant=\"outline\">\n        \tVisa fler resultat\n        <\/button>\n    <\/div>\n\n\n\t\t\n\t\t\t<div class=\"ams-article__action u-inline-items\">\n\t\t\t\t\t\t\t\n\n\n<a href=\"https:\/\/klaragymnasium.se\/nyheter\/\"\n\t\n\tclass=\"c-btn \"\n\tdata-style=\"round\"\n\tdata-size=\"md\"\n\tdata-width=\"full-mobile\"\n\tdata-variant=\"default\"\n\ttarget=\"_self\">\n\t\t\t<span class=\"label\"> Se alla nyheter<\/span>\n\t\t\t<\/a>\n\t\t\t<\/div>\n\t<\/div>\n\n\t\t\n\n<\/section>\n","protected":false},"template":"","article_category":[5],"yoast_head":"<!-- This site is optimized with the Yoast SEO plugin v22.0 - https:\/\/yoast.com\/wordpress\/plugins\/seo\/ -->\n<title>G\u00f6teborg Postgatan<\/title>\n<meta name=\"description\" content=\"Nu har antagningen \u00f6ppnat! \u00c4r du intresserad av att s\u00f6ka till Klara Teoretiska Gymnasium G\u00f6teborg Postgatan?\" \/>\n<meta name=\"robots\" content=\"index, follow, max-snippet:-1, max-image-preview:large, max-video-preview:-1\" \/>\n<link rel=\"canonical\" href=\"https:\/\/klaragymnasium.se\/goteborg-postgatan\/nyheter\/gymnasieantagningen-har-oppnat\/\" \/>\n<meta property=\"og:locale\" content=\"sv_SE\" \/>\n<meta property=\"og:type\" content=\"article\" \/>\n<meta property=\"og:description\" content=\"Nu har antagningen \u00f6ppnat! \u00c4r du intresserad av att s\u00f6ka till Klara Teoretiska Gymnasium G\u00f6teborg Postgatan?\" \/>\n<meta property=\"og:url\" content=\"https:\/\/klaragymnasium.se\/goteborg-postgatan\/nyheter\/gymnasieantagningen-har-oppnat\/\" \/>\n<meta property=\"og:site_name\" content=\"G\u00f6teborg Postgatan\" \/>\n<meta property=\"article:modified_time\" content=\"2024-01-05T07:47:26+00:00\" \/>\n<meta name=\"twitter:card\" content=\"summary_large_image\" \/>\n<meta name=\"twitter:description\" content=\"Nu har antagningen \u00f6ppnat! \u00c4r du intresserad av att s\u00f6ka till Klara Teoretiska Gymnasium G\u00f6teborg Postgatan?\" \/>\n<meta name=\"twitter:image\" content=\"https:\/\/klaragymnasium.se\/wp-content\/uploads\/sites\/6\/2023\/04\/hogskoleforberedande-gymnasium-goteborg-2048x1366-1-e1681972347346-1200x630.jpeg\" \/>\n<meta name=\"twitter:label1\" content=\"Est. reading time\" \/>\n\t<meta name=\"twitter:data1\" content=\"1 minut\" \/>\n<script type=\"application\/ld+json\" class=\"yoast-schema-graph\">{\"@context\":\"https:\/\/schema.org\",\"@graph\":[{\"@type\":\"WebPage\",\"@id\":\"https:\/\/klaragymnasium.se\/goteborg-postgatan\/nyheter\/gymnasieantagningen-har-oppnat\/\",\"url\":\"https:\/\/klaragymnasium.se\/goteborg-postgatan\/nyheter\/gymnasieantagningen-har-oppnat\/\",\"name\":\"Gymnasieantagningen har \u00f6ppnat - G\u00f6teborg Postgatan\",\"isPartOf\":{\"@id\":\"https:\/\/klaragymnasium.se\/goteborg-postgatan\/#website\"},\"datePublished\":\"2023-12-01T11:00:00+00:00\",\"dateModified\":\"2024-01-05T07:47:26+00:00\",\"description\":\"Nu har antagningen \u00f6ppnat! \u00c4r du intresserad av att s\u00f6ka till Klara Teoretiska Gymnasium G\u00f6teborg Postgatan?\",\"breadcrumb\":{\"@id\":\"https:\/\/klaragymnasium.se\/goteborg-postgatan\/nyheter\/gymnasieantagningen-har-oppnat\/#breadcrumb\"},\"inLanguage\":\"sv-SE\",\"potentialAction\":[{\"@type\":\"ReadAction\",\"target\":[\"https:\/\/klaragymnasium.se\/goteborg-postgatan\/nyheter\/gymnasieantagningen-har-oppnat\/\"]}]},{\"@type\":\"BreadcrumbList\",\"@id\":\"https:\/\/klaragymnasium.se\/goteborg-postgatan\/nyheter\/gymnasieantagningen-har-oppnat\/#breadcrumb\",\"itemListElement\":[{\"@type\":\"ListItem\",\"position\":1,\"name\":\"Start\",\"item\":\"https:\/\/klaragymnasium.se\/goteborg-postgatan\"},{\"@type\":\"ListItem\",\"position\":2,\"name\":\"Nyheter\"}]},{\"@type\":\"WebSite\",\"@id\":\"https:\/\/klaragymnasium.se\/goteborg-postgatan\/#website\",\"url\":\"https:\/\/klaragymnasium.se\/goteborg-postgatan\/\",\"name\":\"G\u00f6teborg Postgatan\",\"description\":\"Just another WordPress site\",\"potentialAction\":[{\"@type\":\"SearchAction\",\"target\":{\"@type\":\"EntryPoint\",\"urlTemplate\":\"https:\/\/klaragymnasium.se\/goteborg-postgatan\/?s={search_term_string}\"},\"query-input\":\"required name=search_term_string\"}],\"inLanguage\":\"sv-SE\"}]}<\/script>\n<!-- \/ Yoast SEO plugin. -->","yoast_head_json":{"title":"G\u00f6teborg Postgatan","description":"Nu har antagningen \u00f6ppnat! \u00c4r du intresserad av att s\u00f6ka till Klara Teoretiska Gymnasium G\u00f6teborg Postgatan?","robots":{"index":"index","follow":"follow","max-snippet":"max-snippet:-1","max-image-preview":"max-image-preview:large","max-video-preview":"max-video-preview:-1"},"canonical":"https:\/\/klaragymnasium.se\/goteborg-postgatan\/nyheter\/gymnasieantagningen-har-oppnat\/","og_locale":"sv_SE","og_type":"article","og_description":"Nu har antagningen \u00f6ppnat! \u00c4r du intresserad av att s\u00f6ka till Klara Teoretiska Gymnasium G\u00f6teborg Postgatan?","og_url":"https:\/\/klaragymnasium.se\/goteborg-postgatan\/nyheter\/gymnasieantagningen-har-oppnat\/","og_site_name":"G\u00f6teborg Postgatan","article_modified_time":"2024-01-05T07:47:26+00:00","twitter_card":"summary_large_image","twitter_description":"Nu har antagningen \u00f6ppnat! \u00c4r du intresserad av att s\u00f6ka till Klara Teoretiska Gymnasium G\u00f6teborg Postgatan?","twitter_image":"https:\/\/klaragymnasium.se\/wp-content\/uploads\/sites\/6\/2023\/04\/hogskoleforberedande-gymnasium-goteborg-2048x1366-1-e1681972347346-1200x630.jpeg","twitter_misc":{"Est. reading time":"1 minut"},"schema":{"@context":"https:\/\/schema.org","@graph":[{"@type":"WebPage","@id":"https:\/\/klaragymnasium.se\/goteborg-postgatan\/nyheter\/gymnasieantagningen-har-oppnat\/","url":"https:\/\/klaragymnasium.se\/goteborg-postgatan\/nyheter\/gymnasieantagningen-har-oppnat\/","name":"Gymnasieantagningen har \u00f6ppnat - G\u00f6teborg Postgatan","isPartOf":{"@id":"https:\/\/klaragymnasium.se\/goteborg-postgatan\/#website"},"datePublished":"2023-12-01T11:00:00+00:00","dateModified":"2024-01-05T07:47:26+00:00","description":"Nu har antagningen \u00f6ppnat! \u00c4r du intresserad av att s\u00f6ka till Klara Teoretiska Gymnasium G\u00f6teborg Postgatan?","breadcrumb":{"@id":"https:\/\/klaragymnasium.se\/goteborg-postgatan\/nyheter\/gymnasieantagningen-har-oppnat\/#breadcrumb"},"inLanguage":"sv-SE","potentialAction":[{"@type":"ReadAction","target":["https:\/\/klaragymnasium.se\/goteborg-postgatan\/nyheter\/gymnasieantagningen-har-oppnat\/"]}]},{"@type":"BreadcrumbList","@id":"https:\/\/klaragymnasium.se\/goteborg-postgatan\/nyheter\/gymnasieantagningen-har-oppnat\/#breadcrumb","itemListElement":[{"@type":"ListItem","position":1,"name":"Start","item":"https:\/\/klaragymnasium.se\/goteborg-postgatan"},{"@type":"ListItem","position":2,"name":"Nyheter"}]},{"@type":"WebSite","@id":"https:\/\/klaragymnasium.se\/goteborg-postgatan\/#website","url":"https:\/\/klaragymnasium.se\/goteborg-postgatan\/","name":"G\u00f6teborg Postgatan","description":"Just another WordPress site","potentialAction":[{"@type":"SearchAction","target":{"@type":"EntryPoint","urlTemplate":"https:\/\/klaragymnasium.se\/goteborg-postgatan\/?s={search_term_string}"},"query-input":"required name=search_term_string"}],"inLanguage":"sv-SE"}]}},"_links":{"self":[{"href":"https:\/\/klaragymnasium.se\/goteborg-postgatan\/wp-json\/wp\/v2\/article\/2949"}],"collection":[{"href":"https:\/\/klaragymnasium.se\/goteborg-postgatan\/wp-json\/wp\/v2\/article"}],"about":[{"href":"https:\/\/klaragymnasium.se\/goteborg-postgatan\/wp-json\/wp\/v2\/types\/article"}],"wp:attachment":[{"href":"https:\/\/klaragymnasium.se\/goteborg-postgatan\/wp-json\/wp\/v2\/media?parent=2949"}],"wp:term":[{"taxonomy":"article_category","embeddable":true,"href":"https:\/\/klaragymnasium.se\/goteborg-postgatan\/wp-json\/wp\/v2\/article_category?post=2949"}],"curies":[{"name":"wp","href":"https:\/\/api.w.org\/{rel}","templated":true}]}}