{"id":2148,"date":"2021-02-16T14:41:00","date_gmt":"2021-02-16T13:41:00","guid":{"rendered":"https:\/\/klaragymnasium.se\/goteborg-postgatan\/?post_type=article&#038;p=2148"},"modified":"2024-01-17T11:33:22","modified_gmt":"2024-01-17T10:33:22","slug":"hur-ar-det-att-lasa-samhallsvetenskapsprogrammet-pa-postgatan","status":"publish","type":"article","link":"https:\/\/klaragymnasium.se\/goteborg-postgatan\/artikel\/hur-ar-det-att-lasa-samhallsvetenskapsprogrammet-pa-postgatan\/","title":{"rendered":"Hur \u00e4r det att l\u00e4sa Samh\u00e4llsvetenskapsprogrammet p\u00e5 Postgatan?"},"content":{"rendered":"\n<div class=\"wp-block-columns is-layout-flex wp-container-core-columns-layout-1 wp-block-columns-is-layout-flex\">\n<div class=\"wp-block-column is-layout-flow wp-block-column-is-layout-flow\" style=\"flex-basis:15%\"><\/div>\n\n\n\n<div class=\"wp-block-column is-layout-flow wp-block-column-is-layout-flow\" style=\"flex-basis:70%\">\t<div\n\t\t class=\"module_wrapper container-fluid images-module\" >\n\t\t<div class=\"row\">\n\t\t\t<div\n\t\t\t\t\tclass=\"col-12 m-0 p-0 position-relative images_module__slideshow images_module__slideshow-container module-expand \">\n\n\t\t\t\t<div class=\"images_module__slide \" data-slide=\"\"\n\t\t\t\t\t data-duration=\"\"><\/div>\n\t\t\t\t\t\t\t\t\t<div\n\t\t\t\t\t\t class=\"images_module__slides \">\n\n\n\t\t\t\t\t\t<div class=\"images__wrapper\"\n\t\t\t\t\t\t\t style=\"aspect-ratio: 851 \/ 531;\">\n\t\t\t\t\t\t\t<img decoding=\"async\" width=\"1024\" height=\"683\" src=\"https:\/\/klaragymnasium.se\/wp-content\/uploads\/sites\/6\/2023\/05\/klara-postgatan-oscar.jpeg\" class=\"images__image_ratio  \" alt=\"Elever i ett klassrum\" style=\"aspect-ratio: 851 \/ 531;object-position: center top;\" srcset=\"https:\/\/klaragymnasium.se\/wp-content\/uploads\/sites\/6\/2023\/05\/klara-postgatan-oscar.jpeg 1024w, https:\/\/klaragymnasium.se\/wp-content\/uploads\/sites\/6\/2023\/05\/klara-postgatan-oscar-300x200.jpeg 300w, https:\/\/klaragymnasium.se\/wp-content\/uploads\/sites\/6\/2023\/05\/klara-postgatan-oscar-768x512.jpeg 768w, https:\/\/klaragymnasium.se\/wp-content\/uploads\/sites\/6\/2023\/05\/klara-postgatan-oscar-500x333.jpeg 500w, https:\/\/klaragymnasium.se\/wp-content\/uploads\/sites\/6\/2023\/05\/klara-postgatan-oscar-340x227.jpeg 340w, https:\/\/klaragymnasium.se\/wp-content\/uploads\/sites\/6\/2023\/05\/klara-postgatan-oscar-1000x667.jpeg 1000w, https:\/\/klaragymnasium.se\/wp-content\/uploads\/sites\/6\/2023\/05\/klara-postgatan-oscar-600x400.jpeg 600w, https:\/\/klaragymnasium.se\/wp-content\/uploads\/sites\/6\/2023\/05\/klara-postgatan-oscar-400x267.jpeg 400w\" sizes=\"(max-width: 1024px) 100vw, 1024px\" \/>\t\t\t\t\t\t<\/div>\n\n\t\t\t\t\t\t\n\t\t\t\t\t\t\t\t\t\t\t<\/div>\n\t\t\t\t\n\t\t\t\t<div class=\"images_module__container_dot \">\n\t\t\t\t\t<div style=\"text-align:center\">\n\t\t\t\t\t\t\t\t\t\t\t\t\t<span   data-i=\"0\"\n\t\t\t\t\t\t\t\t  class=\"images_module__dot\n\t\t\t\t\t\t\t\t\t\t\t\t\t  \"><\/span>\n\t\t\t\t\t\t\t\t\t\t\t<\/div>\n\t\t\t\t<\/div>\n\n\t\t\t<\/div>\n\t\t<\/div>\n\t<\/div>\n\n\n\t\n\n\n<script>\n\tvar images_display_descriptive_text = \"\";\n<\/script>\n\n\n\n<p><meta charset=\"utf-8\"><\/p>\n\n\n\n<h1 class=\"wp-block-heading\">Hur \u00e4r det att l\u00e4sa Samh\u00e4llsvetenskaps-programmet p\u00e5 KLARA G\u00f6teborg Postgatan?<\/h1>\n\n\n\n<p   class=\"site__ingress container text-left  site__text-color--dark  site__free_text--ingress p-0\">\n\tP\u00e5 KLARA G\u00f6teborg Postgatan kan du v\u00e4lja mellan fyra olika gymnasieprogram som alla \u00e4r h\u00f6gskolef\u00f6rberedande; Ekonomiprogrammet, Naturvetenskapsprogrammet, Samh\u00e4llsvetenskapsprogrammet och Teknikprogrammet.<\/p>\n\n\n\n\n\n<p>Oscar Walander Wettergren l\u00e4ser tredje \u00e5ret p\u00e5 Samh\u00e4llsvetenskapsprogrammet och tycker att utbildningen ger honom en bra och bred grund som \u00f6ppnar m\u00e5nga m\u00f6jligheter f\u00f6r vidare studier efter gymnasiet.<\/p>\n\n\n\n<p>P\u00e5 Samh\u00e4llsvetenskapsprogrammet f\u00e5r du studera hur samh\u00e4llet \u00e4r uppbyggt och vad som styr det. Du f\u00e5r ta del av \u00e4mnen som demokrati, kommunikation, etik, genus, milj\u00f6 och makt vilket ger en bra start f\u00f6r vidare studier till psykolog, socionom, ekonom eller journalist.<\/p>\n\n\n\n<p>Du kan v\u00e4lja mellan tv\u00e5 olika inriktningar p\u00e5 Samh\u00e4llsprogrammet, KLARA G\u00f6teborg Postgatan; Samh\u00e4llsvetenskap eller Beteendevetenskap. P\u00e5 inriktningen Beteendevetenskap f\u00e5r du l\u00e4ra dig hur m\u00e4nniskan fungerar som individ och i grupp. Varf\u00f6r agerar vi som vi g\u00f6r? Du l\u00e4r dig om andra och om dig sj\u00e4lv.<\/p>\n\n\n\n<p>\u2013 Vi skrev formella brev p\u00e5 engelska som skickades till presidenten i Sydafrika f\u00f6r att uppm\u00e4rksamma att de inte f\u00f6ljde de m\u00e4nskliga r\u00e4ttigheterna, ber\u00e4ttar Oscar.<\/p>\n\n\n\n<p>Enligt Oscar \u00e4r det b\u00e4sta med programmet att f\u00e5 jobba med verkliga projekt som kan ha en riktig p\u00e5verkan. Han lyfter samarbetet med skolf\u00f6reningen Power Womens V\u00e4nner. Klassen samlade d\u00e5 in pengar till framf\u00f6r allt kvinnor i Kibera, ett slumomr\u00e5de i Kenyas huvudstad Nairobi, ett arbete som f\u00f6r m\u00e5nga elever k\u00e4ndes meningsfullt och givande.<\/p>\n\n\n\n<p>\u2013 L\u00e4rarna \u00e4r ocks\u00e5 en del av gemenskapen som finns p\u00e5 skolan. Det m\u00e4rks att de gillar sitt jobb, avslutar han.<\/p>\n\n\n\n<p>L\u00e4rarna p\u00e5 KLARA G\u00f6teborg Postgatan \u00e4r engagerade i dig som elev och ditt l\u00e4rande. Oavsett vilket program du v\u00e4ljer vill vi ge dig de b\u00e4sta f\u00f6ruts\u00e4ttningarna f\u00f6r framtida akademiska studier samt f\u00f6rbereda dig f\u00f6r ditt framtida arbetsliv.<\/p>\n\n\n\n<p><a href=\"https:\/\/klaragymnasium.se\/goteborg-postgatan\/program\/samhallsvetenskapsprogrammet\/\">H\u00e4r kan du l\u00e4sa mer om Samh\u00e4llsprogrammet med inriktning Samh\u00e4llsvetenskap och med inriktning Beteendevetenskap.<\/a><\/p>\n\n\n\n<p>H\u00e4r ser du \u00e4ven v\u00e5ra andra <a href=\"https:\/\/klaragymnasium.se\/goteborg-postgatan\/gymnasieprogram\/\">program<\/a>.<\/p>\n<\/div>\n\n\n\n<div class=\"wp-block-column is-layout-flow wp-block-column-is-layout-flow\" style=\"flex-basis:15%\"><\/div>\n<\/div>\n\n\n\n\t\n\t\n\t\n\n\n\t\n\t\t\n<section  class=\"c-block l-stacked  \" data-color-scheme=\"gra\">\n\t<div class=\"ams-fifty ams-fifty--container ams-fifty--right ams-fifty--top l-container u-pt-fluid-2xl-4xl u-pb-fluid-2xl-4xl\">\n\t\t<div class=\"ams-fifty__content l-stack l-stack-xl is-left@lg\">\n\t\t\t<div class=\"ams-fifty__text l-stack l-stack-lg\">\n\t\t\t\t\n\t\t\t\t\t\t\t\t\t<div class=\"text l-stack u-font-body\">\n\t\t\t\t\t\t<p>&#8221;P\u00e5 KLARA G\u00f6teborg Postgatan har vi en v\u00e4ldigt bra gemenskap och sk\u00f6n st\u00e4mning. Dessutom blir man bra f\u00f6rberedd f\u00f6r vidare studier och livet i allm\u00e4nhet.\u201d<\/p>\n\n\t\t\t\t\t<\/div>\n\t\t\t\t\t\t\t<\/div>\n\n\t\t\t\t\t<\/div>\n\n\t\t <div class=\"ams-fifty__media u-ratio-square\">\n\t\t \t\t\t\t\t<img decoding=\"async\" width=\"600\" height=\"400\" src=\"https:\/\/klaragymnasium.se\/wp-content\/uploads\/sites\/6\/2023\/05\/klara-postgatan-600x400.jpeg\" class=\"attachment-md size-md\" alt=\"Elever i ett klassrum\" sizes=\"(min-width: 64em) 600px, calc(100vw - 160px)\" srcset=\"https:\/\/klaragymnasium.se\/wp-content\/uploads\/sites\/6\/2023\/05\/klara-postgatan-600x400.jpeg 600w, https:\/\/klaragymnasium.se\/wp-content\/uploads\/sites\/6\/2023\/05\/klara-postgatan-300x200.jpeg 300w, https:\/\/klaragymnasium.se\/wp-content\/uploads\/sites\/6\/2023\/05\/klara-postgatan-400x267.jpeg 400w, https:\/\/klaragymnasium.se\/wp-content\/uploads\/sites\/6\/2023\/05\/klara-postgatan-800x534.jpeg 800w, https:\/\/klaragymnasium.se\/wp-content\/uploads\/sites\/6\/2023\/05\/klara-postgatan.jpeg 1024w\" \/>\n\t\t\t\n\t\t\t\n\t\t\t\t\t<\/div>\n\t<\/div>\n\n\t\t\n\n<\/section>\n\n\n\n<div class=\"wp-block-columns is-layout-flex wp-container-core-columns-layout-2 wp-block-columns-is-layout-flex\">\n<div class=\"wp-block-column is-layout-flow wp-block-column-is-layout-flow\" style=\"flex-basis:15%\"><\/div>\n\n\n\n<div class=\"wp-block-column is-layout-flow wp-block-column-is-layout-flow\" style=\"flex-basis:70%\"><\/div>\n\n\n\n<div class=\"wp-block-column is-layout-flow wp-block-column-is-layout-flow\" style=\"flex-basis:15%\"><\/div>\n<\/div>\n\n\n\n\n\n<section  class=\"ams-article c-block l-stacked js-load-more\" data-color-scheme=\"bakgrund-card-primar1-light-hover-standard_standard\" data-count=\"3\" data-count-mobile=\"3\">\n\t<div class=\"l-container l-stack l-stack-fluid-2xl u-pt-fluid-3xl-6xl u-pb-fluid-3xl-6xl is-center is-center@md\">\n\t\t\t\t\t<div class=\"ams-article__intro l-stack l-stack-lg\">\n\t\t\t\t\t\n\t<h2\n\tclass=\"c-heading u-font-title-1 \"\n\tstyle=\"\">\n\t\t\n\t\t\t\t\tNyheter\n\t\t\t\t\n\t<\/h2>\n\n\t\t\t\t\t\t\t<\/div>\n\t\t\n\t\t\t\n\t    \n\t\n\t<ul id=\"ams-article-list-69f45e60e103f\" class=\"ams-article__list l-grid u-gap-2xl u-justify-center js-results \" aria-label=\"Artiklar\" data-filter-animation=\"off\">\n\t\t\t\t\t\t\t\t\t\t\t\t\t\t\t\t\t\n\t\t\t\n\t\t\t\n\t\t\t<li class=\"l-col-6@md l-col-4@lg \" data-filter=\"nyheter december-2023\">\n\t\t\t\t<article class=\"c-card  has-media-zoom  \" data-variant=\"border\" data-style=\"square\" data-click-area>\n\t\t\t\t\t<div class=\"c-card__content l-stack l-stack-sm\">\n\n\t\t\t\t\t\t\t\t\t\t\t\t\t<time class=\"c-card__date u-font-small\" datetime=\"2023-12-01\">1 december 2023<\/time>\n\t\t\t\t\t\t\n\t\t\t\t\t\t\t\t\t\t\t\t\t<h3 class=\"c-card__title u-font-title-3\">\n\t\t\t\t\t\t\t\t\t\t\t\t\t\t\t\t\t<a class=\"c-card__link\" href=\"https:\/\/klaragymnasium.se\/goteborg-postgatan\/artikel\/gymnasieantagningen-har-oppnat\/\">\n\t\t\t\t\t\t\t\t\t\tS\u00f6k till KLARA Postgatan\n\t\t\t\t\t\t\t\t\t<\/a>\n\t\t\t\t\t\t\t\t\t\t\t\t\t\t\t<\/h3>\n\t\t\t\t\t\t\n\t\t\t\t\t\t\t\t\t\t\t\t\t<p class=\"c-card__text l-stack-xs u-font-body\">\n\t\t\t\t\t\t\t\tNu har gymnasieantagningen i G\u00f6teborg \u00f6ppnat. S\u00f6k till KLARA Postgatan! \n\t\t\t\t\t\t\t<\/p>\n\t\t\t\t\t\t\n\t\t\t\t\t\t\t\t\t\t\t\t\t<ul class=\"c-card__tags l-stack-grow u-list-none u-pt-md\" aria-label=\"Kategorier\">\n\t\t\t\t\t\t\t\t\t\t\t\t\t\t\t\t\t<li><span class=\"c-tag\" data-variant=\"outline\">Nyheter<\/span><\/li>\n\t\t\t\t\t\t\t\t\t\t\t\t\t\t\t<\/ul>\n\t\t\t\t\t\t\n\t\t\t\t\t\t<div class=\"c-card__icon\">\n\t\t\t\t\t\t\t\t\t\t\t\t\t\t<svg class=\"ams-icon ams-icon--arrow-right\" width=\"32\" height=\"32\" viewbox=\"0 0 32 32\" fill=\"currentColor\" aria-hidden=\"true\" xmlns=\"http:\/\/www.w3.org\/2000\/svg\">\n\t\t\t\t\t\t\t\t\t\t\t\t\t\t\t\t<path d=\"M15.4617 0.252159L14.9567 0.75931C14.6219 1.09545 14.6219 1.64048 14.9567 1.97669L27.7062 14.7806H0.857144C0.383786 14.7806 0 15.166 0 15.6414V16.3587C0 16.8341 0.383786 17.2195 0.857144 17.2195H27.7062L14.9567 30.0234C14.6219 30.3595 14.6219 30.9045 14.9567 31.2407L15.4617 31.7479C15.7964 32.084 16.3392 32.084 16.6739 31.7479L31.749 16.6087C32.0837 16.2725 32.0837 15.7275 31.749 15.3913L16.6739 0.252159C16.3392 -0.084053 15.7964 -0.084053 15.4617 0.252159Z\"\/>\n\t\t\t\t\t\t\t\n\t\t\t\t\t\t\t<\/svg>\n\t\t\t\t\t\t<\/div>\n\t\t\t\t\t<\/div>\n\n\t\t\t\t\t<div class=\"c-card__media \" style=\" \">\n\t\t\t\t\t\t<img decoding=\"async\" width=\"400\" height=\"400\" src=\"https:\/\/klaragymnasium.se\/wp-content\/uploads\/sites\/6\/2023\/04\/hogskoleforberedande-gymnasium-goteborg-2048x1366-1-e1681972347346-400x400.jpeg\" class=\"attachment-sm size-sm\" alt=\"Elever i ett klassrum\" sizes=\"(min-width: 64em) 300px, (min-width: 48em) calc(.50 * (100vw - 224px)), calc(100vw - 160px)\" srcset=\"https:\/\/klaragymnasium.se\/wp-content\/uploads\/sites\/6\/2023\/04\/hogskoleforberedande-gymnasium-goteborg-2048x1366-1-e1681972347346-400x400.jpeg 400w, https:\/\/klaragymnasium.se\/wp-content\/uploads\/sites\/6\/2023\/04\/hogskoleforberedande-gymnasium-goteborg-2048x1366-1-e1681972347346-150x150.jpeg 150w, https:\/\/klaragymnasium.se\/wp-content\/uploads\/sites\/6\/2023\/04\/hogskoleforberedande-gymnasium-goteborg-2048x1366-1-e1681972347346-300x300.jpeg 300w, https:\/\/klaragymnasium.se\/wp-content\/uploads\/sites\/6\/2023\/04\/hogskoleforberedande-gymnasium-goteborg-2048x1366-1-e1681972347346-600x600.jpeg 600w, https:\/\/klaragymnasium.se\/wp-content\/uploads\/sites\/6\/2023\/04\/hogskoleforberedande-gymnasium-goteborg-2048x1366-1-e1681972347346-800x799.jpeg 800w, https:\/\/klaragymnasium.se\/wp-content\/uploads\/sites\/6\/2023\/04\/hogskoleforberedande-gymnasium-goteborg-2048x1366-1-e1681972347346-1024x1023.jpeg 1024w, https:\/\/klaragymnasium.se\/wp-content\/uploads\/sites\/6\/2023\/04\/hogskoleforberedande-gymnasium-goteborg-2048x1366-1-e1681972347346-1200x1199.jpeg 1200w, https:\/\/klaragymnasium.se\/wp-content\/uploads\/sites\/6\/2023\/04\/hogskoleforberedande-gymnasium-goteborg-2048x1366-1-e1681972347346.jpeg 1367w\" \/>\n\t\t\t\t\t<\/div>\n\t\t\t\t<\/article>\n\t\t\t<\/li>\n\t\t\t\t\t\t\t\t\t\t\t\t\t\t\t\t\t\n\t\t\t\n\t\t\t\n\t\t\t<li class=\"l-col-6@md l-col-4@lg \" data-filter=\"nyheter oktober-2021\">\n\t\t\t\t<article class=\"c-card  has-media-zoom  \" data-variant=\"border\" data-style=\"square\" data-click-area>\n\t\t\t\t\t<div class=\"c-card__content l-stack l-stack-sm\">\n\n\t\t\t\t\t\t\t\t\t\t\t\t\t<time class=\"c-card__date u-font-small\" datetime=\"2021-10-11\">11 oktober 2021<\/time>\n\t\t\t\t\t\t\n\t\t\t\t\t\t\t\t\t\t\t\t\t<h3 class=\"c-card__title u-font-title-3\">\n\t\t\t\t\t\t\t\t\t\t\t\t\t\t\t\t\t<a class=\"c-card__link\" href=\"https:\/\/klaragymnasium.se\/goteborg-postgatan\/artikel\/varfor-atervinns-inte-din-atervinning-elever-pa-klara-har-svaret\/\">\n\t\t\t\t\t\t\t\t\t\tVarf\u00f6r \u00e5tervinns inte din \u00e5ter&#8230;\n\t\t\t\t\t\t\t\t\t<\/a>\n\t\t\t\t\t\t\t\t\t\t\t\t\t\t\t<\/h3>\n\t\t\t\t\t\t\n\t\t\t\t\t\t\t\t\t\t\t\t\t<p class=\"c-card__text l-stack-xs u-font-body\">\n\t\t\t\t\t\t\t\tDu tror s\u00e4kert att all plast som du l\u00e4mn&#8230;\n\t\t\t\t\t\t\t<\/p>\n\t\t\t\t\t\t\n\t\t\t\t\t\t\t\t\t\t\t\t\t<ul class=\"c-card__tags l-stack-grow u-list-none u-pt-md\" aria-label=\"Kategorier\">\n\t\t\t\t\t\t\t\t\t\t\t\t\t\t\t\t\t<li><span class=\"c-tag\" data-variant=\"outline\">Nyheter<\/span><\/li>\n\t\t\t\t\t\t\t\t\t\t\t\t\t\t\t<\/ul>\n\t\t\t\t\t\t\n\t\t\t\t\t\t<div class=\"c-card__icon\">\n\t\t\t\t\t\t\t\t\t\t\t\t\t\t<svg class=\"ams-icon ams-icon--arrow-right\" width=\"32\" height=\"32\" viewbox=\"0 0 32 32\" fill=\"currentColor\" aria-hidden=\"true\" xmlns=\"http:\/\/www.w3.org\/2000\/svg\">\n\t\t\t\t\t\t\t\t\t\t\t\t\t\t\t\t<path d=\"M15.4617 0.252159L14.9567 0.75931C14.6219 1.09545 14.6219 1.64048 14.9567 1.97669L27.7062 14.7806H0.857144C0.383786 14.7806 0 15.166 0 15.6414V16.3587C0 16.8341 0.383786 17.2195 0.857144 17.2195H27.7062L14.9567 30.0234C14.6219 30.3595 14.6219 30.9045 14.9567 31.2407L15.4617 31.7479C15.7964 32.084 16.3392 32.084 16.6739 31.7479L31.749 16.6087C32.0837 16.2725 32.0837 15.7275 31.749 15.3913L16.6739 0.252159C16.3392 -0.084053 15.7964 -0.084053 15.4617 0.252159Z\"\/>\n\t\t\t\t\t\t\t\n\t\t\t\t\t\t\t<\/svg>\n\t\t\t\t\t\t<\/div>\n\t\t\t\t\t<\/div>\n\n\t\t\t\t\t<div class=\"c-card__media \" style=\" \">\n\t\t\t\t\t\t<img decoding=\"async\" width=\"400\" height=\"225\" src=\"https:\/\/klaragymnasium.se\/wp-content\/uploads\/sites\/6\/2023\/03\/hallbartgymnasie-400x225.jpg\" class=\"attachment-sm size-sm\" alt=\"Elever umg\u00e5s i skolans gemensamma lokaler\" sizes=\"(min-width: 64em) 300px, (min-width: 48em) calc(.50 * (100vw - 224px)), calc(100vw - 160px)\" srcset=\"https:\/\/klaragymnasium.se\/wp-content\/uploads\/sites\/6\/2023\/03\/hallbartgymnasie-400x225.jpg 400w, https:\/\/klaragymnasium.se\/wp-content\/uploads\/sites\/6\/2023\/03\/hallbartgymnasie-300x169.jpg 300w, https:\/\/klaragymnasium.se\/wp-content\/uploads\/sites\/6\/2023\/03\/hallbartgymnasie-600x338.jpg 600w, https:\/\/klaragymnasium.se\/wp-content\/uploads\/sites\/6\/2023\/03\/hallbartgymnasie-800x450.jpg 800w, https:\/\/klaragymnasium.se\/wp-content\/uploads\/sites\/6\/2023\/03\/hallbartgymnasie-1024x576.jpg 1024w, https:\/\/klaragymnasium.se\/wp-content\/uploads\/sites\/6\/2023\/03\/hallbartgymnasie-1200x675.jpg 1200w, https:\/\/klaragymnasium.se\/wp-content\/uploads\/sites\/6\/2023\/03\/hallbartgymnasie.jpg 1920w\" \/>\n\t\t\t\t\t<\/div>\n\t\t\t\t<\/article>\n\t\t\t<\/li>\n\t\t\t\t\t\t\t\t\t\t\t\t\t\t\t\t\t\n\t\t\t\n\t\t\t\n\t\t\t<li class=\"l-col-6@md l-col-4@lg \" data-filter=\"nyheter februari-2021\">\n\t\t\t\t<article class=\"c-card  has-media-zoom  \" data-variant=\"border\" data-style=\"square\" data-click-area>\n\t\t\t\t\t<div class=\"c-card__content l-stack l-stack-sm\">\n\n\t\t\t\t\t\t\t\t\t\t\t\t\t<time class=\"c-card__date u-font-small\" datetime=\"2021-02-16\">16 februari 2021<\/time>\n\t\t\t\t\t\t\n\t\t\t\t\t\t\t\t\t\t\t\t\t<h3 class=\"c-card__title u-font-title-3\">\n\t\t\t\t\t\t\t\t\t\t\t\t\t\t\t\t\t<a class=\"c-card__link\" href=\"https:\/\/klaragymnasium.se\/goteborg-postgatan\/artikel\/hur-ar-det-att-lasa-samhallsvetenskapsprogrammet-pa-postgatan\/\">\n\t\t\t\t\t\t\t\t\t\tHur \u00e4r det att l\u00e4sa Samh\u00e4ll p\u00e5&#8230;\n\t\t\t\t\t\t\t\t\t<\/a>\n\t\t\t\t\t\t\t\t\t\t\t\t\t\t\t<\/h3>\n\t\t\t\t\t\t\n\t\t\t\t\t\t\t\t\t\t\t\t\t<p class=\"c-card__text l-stack-xs u-font-body\">\n\t\t\t\t\t\t\t\tV\u00e5r elev Oscar ber\u00e4ttar\n\t\t\t\t\t\t\t<\/p>\n\t\t\t\t\t\t\n\t\t\t\t\t\t\t\t\t\t\t\t\t<ul class=\"c-card__tags l-stack-grow u-list-none u-pt-md\" aria-label=\"Kategorier\">\n\t\t\t\t\t\t\t\t\t\t\t\t\t\t\t\t\t<li><span class=\"c-tag\" data-variant=\"outline\">Nyheter<\/span><\/li>\n\t\t\t\t\t\t\t\t\t\t\t\t\t\t\t<\/ul>\n\t\t\t\t\t\t\n\t\t\t\t\t\t<div class=\"c-card__icon\">\n\t\t\t\t\t\t\t\t\t\t\t\t\t\t<svg class=\"ams-icon ams-icon--arrow-right\" width=\"32\" height=\"32\" viewbox=\"0 0 32 32\" fill=\"currentColor\" aria-hidden=\"true\" xmlns=\"http:\/\/www.w3.org\/2000\/svg\">\n\t\t\t\t\t\t\t\t\t\t\t\t\t\t\t\t<path d=\"M15.4617 0.252159L14.9567 0.75931C14.6219 1.09545 14.6219 1.64048 14.9567 1.97669L27.7062 14.7806H0.857144C0.383786 14.7806 0 15.166 0 15.6414V16.3587C0 16.8341 0.383786 17.2195 0.857144 17.2195H27.7062L14.9567 30.0234C14.6219 30.3595 14.6219 30.9045 14.9567 31.2407L15.4617 31.7479C15.7964 32.084 16.3392 32.084 16.6739 31.7479L31.749 16.6087C32.0837 16.2725 32.0837 15.7275 31.749 15.3913L16.6739 0.252159C16.3392 -0.084053 15.7964 -0.084053 15.4617 0.252159Z\"\/>\n\t\t\t\t\t\t\t\n\t\t\t\t\t\t\t<\/svg>\n\t\t\t\t\t\t<\/div>\n\t\t\t\t\t<\/div>\n\n\t\t\t\t\t<div class=\"c-card__media \" style=\" \">\n\t\t\t\t\t\t<img decoding=\"async\" width=\"400\" height=\"267\" src=\"https:\/\/klaragymnasium.se\/wp-content\/uploads\/sites\/6\/2023\/05\/klara-postgatan-400x267.jpeg\" class=\"attachment-sm size-sm\" alt=\"Elever i ett klassrum\" sizes=\"(min-width: 64em) 300px, (min-width: 48em) calc(.50 * (100vw - 224px)), calc(100vw - 160px)\" srcset=\"https:\/\/klaragymnasium.se\/wp-content\/uploads\/sites\/6\/2023\/05\/klara-postgatan-400x267.jpeg 400w, https:\/\/klaragymnasium.se\/wp-content\/uploads\/sites\/6\/2023\/05\/klara-postgatan-300x200.jpeg 300w, https:\/\/klaragymnasium.se\/wp-content\/uploads\/sites\/6\/2023\/05\/klara-postgatan-600x400.jpeg 600w, https:\/\/klaragymnasium.se\/wp-content\/uploads\/sites\/6\/2023\/05\/klara-postgatan-800x534.jpeg 800w, https:\/\/klaragymnasium.se\/wp-content\/uploads\/sites\/6\/2023\/05\/klara-postgatan.jpeg 1024w\" \/>\n\t\t\t\t\t<\/div>\n\t\t\t\t<\/article>\n\t\t\t<\/li>\n\t\t\t<\/ul>\n\n\t<div class=\"no-results u-mt-0 u-hide\" data-filter-fallback-id=\"ams-article-list-69f45e60e103f\">\n\t<p>Det finns inga resultat som matchar din filtrering.<\/p>\n<\/div>\n\n\t    <div class=\"ams-article__more u-inline-items js-load-more-btn\">\n        <button href=\"#\"\n                class=\"c-btn\"\n                data-style=\"round\"\n                data-size=\"md\"\n                data-width=\"full-mobile\"\n                data-variant=\"outline\">\n        \tVisa fler resultat\n        <\/button>\n    <\/div>\n\n\n\t\t\n\t\t\t<div class=\"ams-article__action u-inline-items\">\n\t\t\t\t\t\t\t\n\n\n<a href=\"https:\/\/klaragymnasium.se\/goteborg-postgatan\/nyheter\/\"\n\t\n\tclass=\"c-btn \"\n\tdata-style=\"round\"\n\tdata-size=\"md\"\n\tdata-width=\"full-mobile\"\n\tdata-variant=\"default\"\n\ttarget=\"_self\">\n\t\t\t<span class=\"label\"> Se alla nyheter<\/span>\n\t\t\t<\/a>\n\t\t\t<\/div>\n\t<\/div>\n\n\t\t\n\n<\/section>\n","protected":false},"template":"","article_category":[5],"yoast_head":"<!-- This site is optimized with the Yoast SEO plugin v22.0 - https:\/\/yoast.com\/wordpress\/plugins\/seo\/ -->\n<title>Hur \u00e4r det att l\u00e4sa Samh\u00e4llsvetenskapsprogrammet p\u00e5 Postgatan? -<\/title>\n<meta name=\"description\" content=\"P\u00e5 KLARA G\u00f6teborg Postgatan kan du v\u00e4lja mellan fyra olika gymnasieprogram som alla \u00e4r h\u00f6gskolef\u00f6rberedande.\" \/>\n<meta name=\"robots\" content=\"index, follow, max-snippet:-1, max-image-preview:large, max-video-preview:-1\" \/>\n<link rel=\"canonical\" href=\"https:\/\/klaragymnasium.se\/goteborg-postgatan\/nyheter\/hur-ar-det-att-lasa-samhallsvetenskapsprogrammet-pa-postgatan\/\" \/>\n<meta property=\"og:locale\" content=\"sv_SE\" \/>\n<meta property=\"og:type\" content=\"article\" \/>\n<meta property=\"og:title\" content=\"Hur \u00e4r det att l\u00e4sa Samh\u00e4llsvetenskapsprogrammet p\u00e5 Postgatan? -\" \/>\n<meta property=\"og:description\" content=\"P\u00e5 KLARA G\u00f6teborg Postgatan kan du v\u00e4lja mellan fyra olika gymnasieprogram som alla \u00e4r h\u00f6gskolef\u00f6rberedande.\" \/>\n<meta property=\"og:url\" content=\"https:\/\/klaragymnasium.se\/goteborg-postgatan\/nyheter\/hur-ar-det-att-lasa-samhallsvetenskapsprogrammet-pa-postgatan\/\" \/>\n<meta property=\"og:site_name\" content=\"G\u00f6teborg Postgatan\" \/>\n<meta property=\"article:modified_time\" content=\"2024-01-17T10:33:22+00:00\" \/>\n<meta name=\"twitter:card\" content=\"summary_large_image\" \/>\n<meta name=\"twitter:title\" content=\"Hur \u00e4r det att l\u00e4sa Samh\u00e4llsvetenskapsprogrammet p\u00e5 Postgatan? -\" \/>\n<meta name=\"twitter:description\" content=\"P\u00e5 KLARA G\u00f6teborg Postgatan kan du v\u00e4lja mellan fyra olika gymnasieprogram som alla \u00e4r h\u00f6gskolef\u00f6rberedande.\" \/>\n<meta name=\"twitter:label1\" content=\"Est. reading time\" \/>\n\t<meta name=\"twitter:data1\" content=\"2 minuter\" \/>\n<script type=\"application\/ld+json\" class=\"yoast-schema-graph\">{\"@context\":\"https:\/\/schema.org\",\"@graph\":[{\"@type\":\"WebPage\",\"@id\":\"https:\/\/klaragymnasium.se\/goteborg-postgatan\/nyheter\/hur-ar-det-att-lasa-samhallsvetenskapsprogrammet-pa-postgatan\/\",\"url\":\"https:\/\/klaragymnasium.se\/goteborg-postgatan\/nyheter\/hur-ar-det-att-lasa-samhallsvetenskapsprogrammet-pa-postgatan\/\",\"name\":\"Hur \u00e4r det att l\u00e4sa Samh\u00e4llsvetenskapsprogrammet p\u00e5 Postgatan? -\",\"isPartOf\":{\"@id\":\"https:\/\/klaragymnasium.se\/goteborg-postgatan\/#website\"},\"datePublished\":\"2021-02-16T13:41:00+00:00\",\"dateModified\":\"2024-01-17T10:33:22+00:00\",\"description\":\"P\u00e5 KLARA G\u00f6teborg Postgatan kan du v\u00e4lja mellan fyra olika gymnasieprogram som alla \u00e4r h\u00f6gskolef\u00f6rberedande.\",\"breadcrumb\":{\"@id\":\"https:\/\/klaragymnasium.se\/goteborg-postgatan\/nyheter\/hur-ar-det-att-lasa-samhallsvetenskapsprogrammet-pa-postgatan\/#breadcrumb\"},\"inLanguage\":\"sv-SE\",\"potentialAction\":[{\"@type\":\"ReadAction\",\"target\":[\"https:\/\/klaragymnasium.se\/goteborg-postgatan\/nyheter\/hur-ar-det-att-lasa-samhallsvetenskapsprogrammet-pa-postgatan\/\"]}]},{\"@type\":\"BreadcrumbList\",\"@id\":\"https:\/\/klaragymnasium.se\/goteborg-postgatan\/nyheter\/hur-ar-det-att-lasa-samhallsvetenskapsprogrammet-pa-postgatan\/#breadcrumb\",\"itemListElement\":[{\"@type\":\"ListItem\",\"position\":1,\"name\":\"Start\",\"item\":\"https:\/\/klaragymnasium.se\/goteborg-postgatan\"},{\"@type\":\"ListItem\",\"position\":2,\"name\":\"Nyheter\"}]},{\"@type\":\"WebSite\",\"@id\":\"https:\/\/klaragymnasium.se\/goteborg-postgatan\/#website\",\"url\":\"https:\/\/klaragymnasium.se\/goteborg-postgatan\/\",\"name\":\"G\u00f6teborg Postgatan\",\"description\":\"Just another WordPress site\",\"potentialAction\":[{\"@type\":\"SearchAction\",\"target\":{\"@type\":\"EntryPoint\",\"urlTemplate\":\"https:\/\/klaragymnasium.se\/goteborg-postgatan\/?s={search_term_string}\"},\"query-input\":\"required name=search_term_string\"}],\"inLanguage\":\"sv-SE\"}]}<\/script>\n<!-- \/ Yoast SEO plugin. -->","yoast_head_json":{"title":"Hur \u00e4r det att l\u00e4sa Samh\u00e4llsvetenskapsprogrammet p\u00e5 Postgatan? -","description":"P\u00e5 KLARA G\u00f6teborg Postgatan kan du v\u00e4lja mellan fyra olika gymnasieprogram som alla \u00e4r h\u00f6gskolef\u00f6rberedande.","robots":{"index":"index","follow":"follow","max-snippet":"max-snippet:-1","max-image-preview":"max-image-preview:large","max-video-preview":"max-video-preview:-1"},"canonical":"https:\/\/klaragymnasium.se\/goteborg-postgatan\/nyheter\/hur-ar-det-att-lasa-samhallsvetenskapsprogrammet-pa-postgatan\/","og_locale":"sv_SE","og_type":"article","og_title":"Hur \u00e4r det att l\u00e4sa Samh\u00e4llsvetenskapsprogrammet p\u00e5 Postgatan? -","og_description":"P\u00e5 KLARA G\u00f6teborg Postgatan kan du v\u00e4lja mellan fyra olika gymnasieprogram som alla \u00e4r h\u00f6gskolef\u00f6rberedande.","og_url":"https:\/\/klaragymnasium.se\/goteborg-postgatan\/nyheter\/hur-ar-det-att-lasa-samhallsvetenskapsprogrammet-pa-postgatan\/","og_site_name":"G\u00f6teborg Postgatan","article_modified_time":"2024-01-17T10:33:22+00:00","twitter_card":"summary_large_image","twitter_title":"Hur \u00e4r det att l\u00e4sa Samh\u00e4llsvetenskapsprogrammet p\u00e5 Postgatan? -","twitter_description":"P\u00e5 KLARA G\u00f6teborg Postgatan kan du v\u00e4lja mellan fyra olika gymnasieprogram som alla \u00e4r h\u00f6gskolef\u00f6rberedande.","twitter_misc":{"Est. reading time":"2 minuter"},"schema":{"@context":"https:\/\/schema.org","@graph":[{"@type":"WebPage","@id":"https:\/\/klaragymnasium.se\/goteborg-postgatan\/nyheter\/hur-ar-det-att-lasa-samhallsvetenskapsprogrammet-pa-postgatan\/","url":"https:\/\/klaragymnasium.se\/goteborg-postgatan\/nyheter\/hur-ar-det-att-lasa-samhallsvetenskapsprogrammet-pa-postgatan\/","name":"Hur \u00e4r det att l\u00e4sa Samh\u00e4llsvetenskapsprogrammet p\u00e5 Postgatan? -","isPartOf":{"@id":"https:\/\/klaragymnasium.se\/goteborg-postgatan\/#website"},"datePublished":"2021-02-16T13:41:00+00:00","dateModified":"2024-01-17T10:33:22+00:00","description":"P\u00e5 KLARA G\u00f6teborg Postgatan kan du v\u00e4lja mellan fyra olika gymnasieprogram som alla \u00e4r h\u00f6gskolef\u00f6rberedande.","breadcrumb":{"@id":"https:\/\/klaragymnasium.se\/goteborg-postgatan\/nyheter\/hur-ar-det-att-lasa-samhallsvetenskapsprogrammet-pa-postgatan\/#breadcrumb"},"inLanguage":"sv-SE","potentialAction":[{"@type":"ReadAction","target":["https:\/\/klaragymnasium.se\/goteborg-postgatan\/nyheter\/hur-ar-det-att-lasa-samhallsvetenskapsprogrammet-pa-postgatan\/"]}]},{"@type":"BreadcrumbList","@id":"https:\/\/klaragymnasium.se\/goteborg-postgatan\/nyheter\/hur-ar-det-att-lasa-samhallsvetenskapsprogrammet-pa-postgatan\/#breadcrumb","itemListElement":[{"@type":"ListItem","position":1,"name":"Start","item":"https:\/\/klaragymnasium.se\/goteborg-postgatan"},{"@type":"ListItem","position":2,"name":"Nyheter"}]},{"@type":"WebSite","@id":"https:\/\/klaragymnasium.se\/goteborg-postgatan\/#website","url":"https:\/\/klaragymnasium.se\/goteborg-postgatan\/","name":"G\u00f6teborg Postgatan","description":"Just another WordPress site","potentialAction":[{"@type":"SearchAction","target":{"@type":"EntryPoint","urlTemplate":"https:\/\/klaragymnasium.se\/goteborg-postgatan\/?s={search_term_string}"},"query-input":"required name=search_term_string"}],"inLanguage":"sv-SE"}]}},"_links":{"self":[{"href":"https:\/\/klaragymnasium.se\/goteborg-postgatan\/wp-json\/wp\/v2\/article\/2148"}],"collection":[{"href":"https:\/\/klaragymnasium.se\/goteborg-postgatan\/wp-json\/wp\/v2\/article"}],"about":[{"href":"https:\/\/klaragymnasium.se\/goteborg-postgatan\/wp-json\/wp\/v2\/types\/article"}],"wp:attachment":[{"href":"https:\/\/klaragymnasium.se\/goteborg-postgatan\/wp-json\/wp\/v2\/media?parent=2148"}],"wp:term":[{"taxonomy":"article_category","embeddable":true,"href":"https:\/\/klaragymnasium.se\/goteborg-postgatan\/wp-json\/wp\/v2\/article_category?post=2148"}],"curies":[{"name":"wp","href":"https:\/\/api.w.org\/{rel}","templated":true}]}}