{"id":2141,"date":"2021-10-11T13:51:00","date_gmt":"2021-10-11T11:51:00","guid":{"rendered":"https:\/\/klaragymnasium.se\/goteborg-postgatan\/?post_type=article&#038;p=2141"},"modified":"2024-03-12T13:25:55","modified_gmt":"2024-03-12T12:25:55","slug":"varfor-atervinns-inte-din-atervinning-elever-pa-klara-har-svaret","status":"publish","type":"article","link":"https:\/\/klaragymnasium.se\/goteborg-postgatan\/artikel\/varfor-atervinns-inte-din-atervinning-elever-pa-klara-har-svaret\/","title":{"rendered":"Varf\u00f6r \u00e5tervinns inte din \u00e5tervinning? Elever p\u00e5 KLARA har svaret!"},"content":{"rendered":"\n<div class=\"wp-block-columns is-layout-flex wp-container-core-columns-layout-1 wp-block-columns-is-layout-flex\">\n<div class=\"wp-block-column is-layout-flow wp-block-column-is-layout-flow\" style=\"flex-basis:15%\"><\/div>\n\n\n\n<div class=\"wp-block-column is-layout-flow wp-block-column-is-layout-flow\" style=\"flex-basis:70%\">\t<div\n\t\t class=\"module_wrapper container-fluid images-module\" >\n\t\t<div class=\"row\">\n\t\t\t<div\n\t\t\t\t\tclass=\"col-12 m-0 p-0 position-relative images_module__slideshow images_module__slideshow-container module-expand \">\n\n\t\t\t\t<div class=\"images_module__slide \" data-slide=\"\"\n\t\t\t\t\t data-duration=\"\"><\/div>\n\t\t\t\t\t\t\t\t\t<div\n\t\t\t\t\t\t class=\"images_module__slides \">\n\n\n\t\t\t\t\t\t<div class=\"images__wrapper\"\n\t\t\t\t\t\t\t style=\"aspect-ratio: 851 \/ 531;\">\n\t\t\t\t\t\t\t<img decoding=\"async\" width=\"1920\" height=\"1080\" src=\"https:\/\/klaragymnasium.se\/wp-content\/uploads\/sites\/6\/2023\/03\/hallbartgymnasie.jpg\" class=\"images__image_ratio  \" alt=\"Elever umg\u00e5s i skolans gemensamma lokaler\" style=\"aspect-ratio: 851 \/ 531;object-position: center top;\" srcset=\"https:\/\/klaragymnasium.se\/wp-content\/uploads\/sites\/6\/2023\/03\/hallbartgymnasie.jpg 1920w, https:\/\/klaragymnasium.se\/wp-content\/uploads\/sites\/6\/2023\/03\/hallbartgymnasie-300x169.jpg 300w, https:\/\/klaragymnasium.se\/wp-content\/uploads\/sites\/6\/2023\/03\/hallbartgymnasie-400x225.jpg 400w, https:\/\/klaragymnasium.se\/wp-content\/uploads\/sites\/6\/2023\/03\/hallbartgymnasie-600x338.jpg 600w, https:\/\/klaragymnasium.se\/wp-content\/uploads\/sites\/6\/2023\/03\/hallbartgymnasie-800x450.jpg 800w, https:\/\/klaragymnasium.se\/wp-content\/uploads\/sites\/6\/2023\/03\/hallbartgymnasie-1024x576.jpg 1024w, https:\/\/klaragymnasium.se\/wp-content\/uploads\/sites\/6\/2023\/03\/hallbartgymnasie-1200x675.jpg 1200w\" sizes=\"(max-width: 1920px) 100vw, 1920px\" \/>\t\t\t\t\t\t<\/div>\n\n\t\t\t\t\t\t\n\t\t\t\t\t\t\t\t\t\t\t<\/div>\n\t\t\t\t\n\t\t\t\t<div class=\"images_module__container_dot \">\n\t\t\t\t\t<div style=\"text-align:center\">\n\t\t\t\t\t\t\t\t\t\t\t\t\t<span   data-i=\"0\"\n\t\t\t\t\t\t\t\t  class=\"images_module__dot\n\t\t\t\t\t\t\t\t\t\t\t\t\t  \"><\/span>\n\t\t\t\t\t\t\t\t\t\t\t<\/div>\n\t\t\t\t<\/div>\n\n\t\t\t<\/div>\n\t\t<\/div>\n\t<\/div>\n\n\n\t\n\n\n<script>\n\tvar images_display_descriptive_text = \"\";\n<\/script>\n\n\n\n<p><meta charset=\"utf-8\"><\/p>\n\n\n\n<h1 class=\"wp-block-heading\">Varf\u00f6r \u00e5tervinns inte din \u00e5tervinning? Elever p\u00e5 KLARA har svaret!<\/h1>\n\n\n\n<p   class=\"site__ingress container text-left  site__text-color--dark  site__free_text--ingress p-0\">\n\tDu tror s\u00e4kert att all plast som du l\u00e4mnar in p\u00e5 \u00e5tervinningsstationen \u00e5tervinns. Men s\u00e5 \u00e4r inte fallet. Naturv\u00e5rdsverket har fastst\u00e4llt att knappt h\u00e4lften av plastf\u00f6rpackningarna som l\u00e4mnas in faktiskt blir nya plastartiklar, resten eldas upp. F\u00f6rbr\u00e4nningen \u00e4r ett allvarligt hot mot klimatet. Varf\u00f6r \u00e4r det s\u00e5? Vad kan g\u00f6ras f\u00f6r att l\u00f6sa problemet?<\/p>\n\n\n\n\n\n<p>Sverige producerar idag 990 000 ton plastavfall varje \u00e5r enligt V\u00e4rldsnaturfonden. Enligt Naturv\u00e5rdsverket \u00e5tervinns endast 49% av alla plastf\u00f6rpackningar, som faktiskt samlas in, resten f\u00f6rbr\u00e4nns f\u00f6r att producera el och fj\u00e4rrv\u00e4rme.<\/p>\n\n\n\n<p>Problemet \u00e4r att plasten inneh\u00e5ller milj\u00f6- och h\u00e4lsofarliga \u00e4mnen. Nuf\u00f6rtiden har utsl\u00e4ppen av farliga \u00e4mnen minskat tack vare en teknik som renar avgaserna vid f\u00f6rbr\u00e4nningen men det \u00e4mne som orsakar st\u00f6rst skada, koldioxid, samlas inte in p\u00e5 samma s\u00e4tt.<\/p>\n\n\n\n<p>Ut\u00f6ver att all plast som l\u00e4mnas in inte \u00e5tervinns finns dessutom ett stort m\u00f6rkertal p\u00e5 hur mycket plast som br\u00e4nns upp d\u00e5 man inte vet hur mycket som sl\u00e4ngs i de vanliga hush\u00e5llssoporna. Enligt en studie av Material Economics och \u00c5tervinningsindustrierna \u00e4r den reella \u00e5tervinningsgraden av plast endast 16%. Vi ska f\u00f6rs\u00f6ka ta reda p\u00e5 varf\u00f6r all plast inte kan \u00e5tervinnas, och om den kan det, varf\u00f6r den inte \u00e5tervinns.<\/p>\n\n\n\n<p>F\u00f6r att f\u00e5 ett annat perspektiv p\u00e5 problemet beger vi oss fr\u00e5n skolan l\u00e4ngs med G\u00f6teborgs hamn till f\u00f6r att tr\u00e4ffa Anders \u00c5str\u00f6m, VD f\u00f6r f\u00f6retaget Renova som arbetar med \u00e5tervinning och avfallshantering. Enligt honom \u00e4r den fr\u00e4msta orsaken till att all plast inte \u00e5tervinns den ekonomiska kostnaden f\u00f6r framf\u00f6rallt sorteringsprocessen.<\/p>\n\n\n\n<p>Plastf\u00f6rpackningar inneh\u00e5ller olika typer av plast som det inte finns m\u00f6jlighet att sortera. M\u00e5nga produkter \u00e4r dessutom f\u00e4rgade och kan d\u00e4rf\u00f6r endast \u00e5tervinnas till svart eller gr\u00e5 plast. Om f\u00f6retag som utvecklar nya produkter valde att anv\u00e4nda of\u00e4rgade f\u00f6rpackningar skulle \u00e5tervinningskostnaderna minska.<\/p>\n\n\n\n<p>Ytterligare ett problem \u00e4r att mycket plast kommer tillsammans med annat avfall. Idag finns det ingen mottagare som \u00e4r villig att utf\u00f6ra denna ol\u00f6nsamma sortering, d\u00e5 marknaden inte tillhandah\u00e5ller n\u00e5gon effektiv sorteringsteknik.<\/p>\n\n\n\n<p>\u00c5str\u00f6m menar \u00e4nd\u00e5 att det finns en indirekt l\u00f6sning som redan brukas, utsl\u00e4ppsr\u00e4tter. D\u00e5 den till\u00e5tna m\u00e4ngden v\u00e4xthusgaser som man f\u00e5r sl\u00e4ppas ut per utsl\u00e4ppsr\u00e4tt minskar varje \u00e5r minskar naturligtvis m\u00e4ngden utsl\u00e4pp \u00f6ver tid. En metod f\u00f6r att stoppa utsl\u00e4ppen av koldioxid \u00e4r tekniken CCS (Carbon Capture and Storage) som samlar in koldioxid f\u00f6r att pumpa ner den i berggrunden.<\/p>\n\n\n\n<p>\u2013 Detta \u00e4r en fantastisk l\u00f6sning som ska implementeras \u00e5r 2030 hos Renova, f\u00f6rklarar \u00c5str\u00f6m.<\/p>\n\n\n\n<p>Det st\u00f6rsta problemet enligt \u00c5str\u00f6m, \u00e4r finansieringen. Att genomf\u00f6ra l\u00f6sningarna kr\u00e4ver stora ekonomiska resurser. Betalningsviljan och viljan att bortprioritera produkter som nya telefoner och resor saknas i samh\u00e4llet.<\/p>\n\n\n\n<p>F\u00f6r \u00f6kad f\u00f6rst\u00e5else bes\u00f6ker vi Lars Josefsson, fd. professor inom h\u00e5llbar utveckling vid Chalmers Tekniska H\u00f6gskola.<\/p>\n\n\n\n<p>N\u00e4r vi fr\u00e5gar honom om varf\u00f6r all plast inte \u00e5tervinns bekr\u00e4ftar han vad vi tidigare f\u00e5tt veta att de tekniker som anv\u00e4nds idag inte kan \u00e5tervinna all plast samt att sorteringen \u00e4r f\u00f6r dyr. Han f\u00f6rklarar hur olika \u00e5tervinningstekniker fungerar.<\/p>\n\n\n\n<p>Mekanisk \u00e5tervinning inneb\u00e4r att olika plastsorter sm\u00e4lts ner till pellets som blir nya plastprodukter och \u00e4r det som idag till\u00e4mpas i Sverige.<\/p>\n\n\n\n<p>Josefsson f\u00f6rklarar sedan tv\u00e5 tekniker f\u00f6r kemisk \u00e5tervinning. Pyrolys \u00e4r den vanligaste tekniken och inneb\u00e4r att sj\u00e4lva molekylen s\u00f6nderdelas till en olja som sedan blandas med fossil olja och blir ny plast. Idag finns n\u00e5gra f\u00f6retag och anl\u00e4ggningar f\u00f6r pyrolys. Solvolys \u00e4r en annan teknik f\u00f6r att kemiskt \u00e5tervinna pet och polyester till exempelvis m\u00e5larf\u00e4rg.<\/p>\n\n\n\n<p>Den \u00e5tervunna plasten blir dyr, f\u00f6r att den ska bli billigare kr\u00e4vs effektivisering av tekniken. Att det inte \u00e4r ekonomiskt l\u00f6nsamt med \u00e5tervinning menar Josefsson dock beror p\u00e5 att den fossila oljan som anv\u00e4nds \u00e4r s\u00e5 billig.<\/p>\n\n\n\n<p>Enligt Josefsson \u00e4r det en viktig del i att \u00f6ka \u00e5tervinningen att produkter m\u00e5ste bli enklare. Det \u00e4r inte l\u00e4tt f\u00f6r f\u00f6retagen att \u00e4ndra produkternas utformning eftersom designen \u00e4r viktig f\u00f6r marknadsf\u00f6ringen och att f\u00f6rpackningarna m\u00e5ste skydda produkten.<\/p>\n\n\n\n<p>Exempelvis \u00e4r det sv\u00e5rt att \u00e5tervinna matf\u00f6rpackningar av plast d\u00e5 de best\u00e5r av flera sorters plaster. Men det \u00e4r n\u00f6dv\u00e4ndigt f\u00f6r att maten inte ska bli d\u00e5lig vilket \u00e4r huvudsyftet med matf\u00f6rpackningarna. Det \u00e4r viktigare \u00e4n att den ska kunna \u00e5tervinnas d\u00e5 vi idag sl\u00e4nger en tredjedel av all mat.<\/p>\n\n\n\n<p>-Det \u00e4r ganska hemskt egentligen, s\u00e4ger Lars Josefsson och skrattar. Och det \u00e4r den v\u00e4rsta milj\u00f6boven \u00f6verhuvudtaget att sl\u00e4nga maten, det viktiga \u00e4r att den h\u00e5ller.<\/p>\n\n\n\n<p>Det \u00e4r komplicerat att byta ut plasten i f\u00f6rpackningarna f\u00f6r att underl\u00e4tta \u00e5tervinning. Samtidigt finns v\u00e4ldigt mycket som kan g\u00f6ras. Att nya f\u00f6rpackningar tas fram som best\u00e5r av endast en plastsort och att de \u00e4r of\u00e4rgade, s\u00e5 att de blir l\u00e4tta att sortera och \u00e5tervinna.<\/p>\n\n\n\n<p>F\u00f6r att \u00f6ka efterfr\u00e5gan p\u00e5 \u00e5tervunna plastprodukter kr\u00e4vs att plastprodukter av fossil olja blir dyrare. Josefsson vill att det ska bli dyrare f\u00f6r f\u00f6retag att sl\u00e4ppa ut koldioxid genom att \u00f6ka priserna p\u00e5 utsl\u00e4ppsr\u00e4tter i Sverige och globalt.<\/p>\n\n\n\n<p>-Vi kan inte inf\u00f6ra att det ska kosta j\u00e4ttemycket i Sverige, d\u00e5 d\u00f6r v\u00e5r industri och det hj\u00e4lper inte att man k\u00f6per det fr\u00e5n Tyskland eller Ryssland ist\u00e4llet. Alla m\u00e5ste p\u00e5 n\u00e5got s\u00e4tt f\u00e5 upp priset f\u00f6r koldioxidutsl\u00e4pp.<\/p>\n<\/div>\n\n\n\n<div class=\"wp-block-column is-layout-flow wp-block-column-is-layout-flow\" style=\"flex-basis:15%\"><\/div>\n<\/div>\n\n\n\n\t\n\t\n\t\n\n\n\t\n\t\t\n<section  class=\"c-block l-stacked  \" data-color-scheme=\"gra\">\n\t<div class=\"ams-fifty ams-fifty--container ams-fifty--right ams-fifty--top l-container u-pt-fluid-2xl-4xl u-pb-fluid-2xl-4xl\">\n\t\t<div class=\"ams-fifty__content l-stack l-stack-xl is-left@lg\">\n\t\t\t<div class=\"ams-fifty__text l-stack l-stack-lg\">\n\t\t\t\t\n\t\t\t\t\t\t\t\t\t<div class=\"text l-stack u-font-body\">\n\t\t\t\t\t\t<p>Enligt en studie av Material Economics och \u00c5tervinningsindustrierna \u00e4r den reella<br \/>\n\u00e5tervinningsgraden av plast endast 16%.<\/p>\n\n\t\t\t\t\t<\/div>\n\t\t\t\t\t\t\t<\/div>\n\n\t\t\t\t\t<\/div>\n\n\t\t <div class=\"ams-fifty__media u-ratio-landscape\">\n\t\t \t\t\t\t\t<img decoding=\"async\" width=\"600\" height=\"600\" src=\"https:\/\/klaragymnasium.se\/wp-content\/uploads\/sites\/6\/2023\/03\/hallbarhet-klara-gymnasium-600x600.jpg\" class=\"attachment-md size-md\" alt=\"Skog med h\u00f6ga tr\u00e4d\" sizes=\"(min-width: 64em) 600px, calc(100vw - 160px)\" srcset=\"https:\/\/klaragymnasium.se\/wp-content\/uploads\/sites\/6\/2023\/03\/hallbarhet-klara-gymnasium-600x600.jpg 600w, https:\/\/klaragymnasium.se\/wp-content\/uploads\/sites\/6\/2023\/03\/hallbarhet-klara-gymnasium-150x150.jpg 150w, https:\/\/klaragymnasium.se\/wp-content\/uploads\/sites\/6\/2023\/03\/hallbarhet-klara-gymnasium-300x300.jpg 300w, https:\/\/klaragymnasium.se\/wp-content\/uploads\/sites\/6\/2023\/03\/hallbarhet-klara-gymnasium-400x400.jpg 400w, https:\/\/klaragymnasium.se\/wp-content\/uploads\/sites\/6\/2023\/03\/hallbarhet-klara-gymnasium-800x800.jpg 800w, https:\/\/klaragymnasium.se\/wp-content\/uploads\/sites\/6\/2023\/03\/hallbarhet-klara-gymnasium-1024x1024.jpg 1024w, https:\/\/klaragymnasium.se\/wp-content\/uploads\/sites\/6\/2023\/03\/hallbarhet-klara-gymnasium.jpg 1080w\" \/>\n\t\t\t\n\t\t\t\n\t\t\t\t\t<\/div>\n\t<\/div>\n\n\t\t\n\n<\/section>\n\n\n\n<div class=\"wp-block-columns is-layout-flex wp-container-core-columns-layout-2 wp-block-columns-is-layout-flex\">\n<div class=\"wp-block-column is-layout-flow wp-block-column-is-layout-flow\" style=\"flex-basis:15%\"><\/div>\n\n\n\n<div class=\"wp-block-column is-layout-flow wp-block-column-is-layout-flow\" style=\"flex-basis:70%\">\n<p>Sammanfattningsvis \u00e4r den uteblivna \u00e5tervinningen av plast ett av de st\u00f6rre dolda milj\u00f6problemen i samh\u00e4llet. Majoriteten av den plast som samlas in f\u00f6r \u00e5tervinning f\u00f6rbr\u00e4nns ist\u00e4llet vilket orsakar stora koldioxidutsl\u00e4pp. Det finns mycket som beh\u00f6ver f\u00f6r\u00e4ndras f\u00f6r att m\u00e4ngden plast som \u00e5tervinns ska \u00f6ka.<\/p>\n\n\n\n<p>F\u00f6rst och fr\u00e4mst kr\u00e4vs f\u00f6rst\u00e5s att alla de plastf\u00f6rpackningar som idag sl\u00e4ngs i soporna l\u00e4mnas in till \u00e5tervinningscentralerna, bland annat genom b\u00e4ttre k\u00e4llsortering, men \u00e4ven d\u00e4r finns mycket att g\u00f6ra. F\u00f6r att \u00f6ka den mekaniska \u00e5tervinningsgraden kr\u00e4vs enklare och ljusare produkter fr\u00e5n f\u00f6retagens sida samt utvecklade sorteringsmetoder. Dessutom kr\u00e4vs \u00f6kade investeringar i kemisk \u00e5tervinning och h\u00f6jda priser p\u00e5 att sl\u00e4ppa ut koldioxid s\u00e5 att \u00e5tervunna plastf\u00f6rpackningar f\u00e5r b\u00e4ttre m\u00f6jlighet att konkurrera med produkter av endast r\u00e5olja.<\/p>\n\n\n\n<p>I dagsl\u00e4get ser det inte s\u00e5 ljust ut med hanteringen av plastavfall, men vi hoppas p\u00e5 att problemen tas p\u00e5 allvar och p\u00e5 att man i framtiden kommer samla in och \u00e5tervinna mer. F\u00f6r m\u00f6jligheterna till att g\u00f6ra det finns redan idag.<\/p>\n\n\n\n<p><br><strong>F\u00f6rfattare<\/strong>: Linn Magnusson, Elliot Ekstr\u00f6m, Daniel Ros och Linus Melin, elever p\u00e5 KLARA G\u00f6teborg Postgatan<br>10\/10-21<\/p>\n\n\n\n<p><strong>K\u00e4llf\u00f6rteckning<\/strong><\/p>\n\n\n\n<p><a href=\"https:\/\/goteborg.se\/wps\/portal\/start\/bygga-bo-och-leva-hallbart\/avfall-och-atervinning\/sortera-avfall-i-hushallet\/forpackningsinsamling\/plastforpackningar\">G\u00f6teborgs stad. (u.\u00e5). Plastf\u00f6rpackningar. G\u00f6teborg.se H\u00e4mtad 2021-09-22<\/a><\/p>\n\n\n\n<p><a href=\"http:\/\/naturvardsverket.diva-portal.org\/smash\/record.jsf?pid=diva2%3A1586530&amp;dswid=3106\">Lassesson, H, Gottfridsson, M, Nellstr\u00f6m, M, Rydberg, T. (2021). Kemisk \u00e5tervinning av plast: Teknik, fl\u00f6den och milj\u00f6aspekter. Naturv\u00e5rdsverket.<\/a><\/p>\n\n\n\n<p><a href=\"http:\/\/Livsmedelsverket. (2021-09-10). Bromerade flamskyddsmedel. Livsmedelsverket.se https:\/\/www.livsmedelsverket.se\/livsmedel-och-innehall\/oonskade-amnen\/miljogifter\/bromerade-flamskyddsmedel\">Livsmedelsverket. (2021-09-10). Bromerade flamskyddsmedel. Livsmedelsverket.se<\/a><\/p>\n\n\n\n<p><a href=\"https:\/\/www.naturskyddsforeningen.se\/artiklar\/hur-fungerar-handeln-med-utslappsratter\/\">Naturskyddsf\u00f6reningen. (2021, 10 juli). Hur fungerar handeln med utsl\u00e4ppsr\u00e4tter?<\/a><\/p>\n\n\n\n<p><a href=\"https:\/\/www.neste.se\/om-neste\/nyheter-inspiration\/artiklar\/plastatervinning-svaren-pa-sex-viktiga-fragor\">Neste. (2020, 10 juni). Plast\u00e5tervinning: svaren p\u00e5 sex viktiga fr\u00e5gor.<\/a><\/p>\n\n\n\n<p><a href=\"https:\/\/www.riksdagen.se\/sv\/dokument-lagar\/dokument\/statens-offentliga-utredningar\/det-gar-om-vi-vill\u2014forslag-till-en-hallbar_H6B384\/html\">SOU 2018:84. Det g\u00e5r om vi vill: bet\u00e4nkande av Utredningen om h\u00e5llbara plastmaterial<\/a><\/p>\n\n\n\n<p><a href=\"https:\/\/www.wwf.se\/pressmeddelande\/varlden-behover-ett-globalt-bindande-plastavtal-3226245\/\">WWF. (2019-03-07). V\u00e4rlden beh\u00f6ver ett globalt bindande plastavtal.<\/a><\/p>\n<\/div>\n\n\n\n<div class=\"wp-block-column is-layout-flow wp-block-column-is-layout-flow\" style=\"flex-basis:15%\"><\/div>\n<\/div>\n\n\n\n\n\n<section  class=\"ams-article c-block l-stacked js-load-more\" data-color-scheme=\"bakgrund-card-primar1-light-hover-standard_standard\" data-count=\"3\" data-count-mobile=\"3\">\n\t<div class=\"l-container l-stack l-stack-fluid-2xl u-pt-fluid-3xl-6xl u-pb-fluid-3xl-6xl is-center is-center@md\">\n\t\t\t\t\t<div class=\"ams-article__intro l-stack l-stack-lg\">\n\t\t\t\t\t\n\t<h2\n\tclass=\"c-heading u-font-title-1 \"\n\tstyle=\"\">\n\t\t\n\t\t\t\t\tNyheter\n\t\t\t\t\n\t<\/h2>\n\n\t\t\t\t\t\t\t<\/div>\n\t\t\n\t\t\t\n\t    \n\t\n\t<ul id=\"ams-article-list-69f45ea80a883\" class=\"ams-article__list l-grid u-gap-2xl u-justify-center js-results \" aria-label=\"Artiklar\" data-filter-animation=\"off\">\n\t\t\t\t\t\t\t\t\t\t\t\t\t\t\t\t\t\n\t\t\t\n\t\t\t\n\t\t\t<li class=\"l-col-6@md l-col-4@lg \" data-filter=\"nyheter december-2023\">\n\t\t\t\t<article class=\"c-card  has-media-zoom  \" data-variant=\"border\" data-style=\"square\" data-click-area>\n\t\t\t\t\t<div class=\"c-card__content l-stack l-stack-sm\">\n\n\t\t\t\t\t\t\t\t\t\t\t\t\t<time class=\"c-card__date u-font-small\" datetime=\"2023-12-01\">1 december 2023<\/time>\n\t\t\t\t\t\t\n\t\t\t\t\t\t\t\t\t\t\t\t\t<h3 class=\"c-card__title u-font-title-3\">\n\t\t\t\t\t\t\t\t\t\t\t\t\t\t\t\t\t<a class=\"c-card__link\" href=\"https:\/\/klaragymnasium.se\/goteborg-postgatan\/artikel\/gymnasieantagningen-har-oppnat\/\">\n\t\t\t\t\t\t\t\t\t\tS\u00f6k till KLARA Postgatan\n\t\t\t\t\t\t\t\t\t<\/a>\n\t\t\t\t\t\t\t\t\t\t\t\t\t\t\t<\/h3>\n\t\t\t\t\t\t\n\t\t\t\t\t\t\t\t\t\t\t\t\t<p class=\"c-card__text l-stack-xs u-font-body\">\n\t\t\t\t\t\t\t\tNu har gymnasieantagningen i G\u00f6teborg \u00f6ppnat. S\u00f6k till KLARA Postgatan! \n\t\t\t\t\t\t\t<\/p>\n\t\t\t\t\t\t\n\t\t\t\t\t\t\t\t\t\t\t\t\t<ul class=\"c-card__tags l-stack-grow u-list-none u-pt-md\" aria-label=\"Kategorier\">\n\t\t\t\t\t\t\t\t\t\t\t\t\t\t\t\t\t<li><span class=\"c-tag\" data-variant=\"outline\">Nyheter<\/span><\/li>\n\t\t\t\t\t\t\t\t\t\t\t\t\t\t\t<\/ul>\n\t\t\t\t\t\t\n\t\t\t\t\t\t<div class=\"c-card__icon\">\n\t\t\t\t\t\t\t\t\t\t\t\t\t\t<svg class=\"ams-icon ams-icon--arrow-right\" width=\"32\" height=\"32\" viewbox=\"0 0 32 32\" fill=\"currentColor\" aria-hidden=\"true\" xmlns=\"http:\/\/www.w3.org\/2000\/svg\">\n\t\t\t\t\t\t\t\t\t\t\t\t\t\t\t\t<path d=\"M15.4617 0.252159L14.9567 0.75931C14.6219 1.09545 14.6219 1.64048 14.9567 1.97669L27.7062 14.7806H0.857144C0.383786 14.7806 0 15.166 0 15.6414V16.3587C0 16.8341 0.383786 17.2195 0.857144 17.2195H27.7062L14.9567 30.0234C14.6219 30.3595 14.6219 30.9045 14.9567 31.2407L15.4617 31.7479C15.7964 32.084 16.3392 32.084 16.6739 31.7479L31.749 16.6087C32.0837 16.2725 32.0837 15.7275 31.749 15.3913L16.6739 0.252159C16.3392 -0.084053 15.7964 -0.084053 15.4617 0.252159Z\"\/>\n\t\t\t\t\t\t\t\n\t\t\t\t\t\t\t<\/svg>\n\t\t\t\t\t\t<\/div>\n\t\t\t\t\t<\/div>\n\n\t\t\t\t\t<div class=\"c-card__media \" style=\" \">\n\t\t\t\t\t\t<img decoding=\"async\" width=\"400\" height=\"400\" src=\"https:\/\/klaragymnasium.se\/wp-content\/uploads\/sites\/6\/2023\/04\/hogskoleforberedande-gymnasium-goteborg-2048x1366-1-e1681972347346-400x400.jpeg\" class=\"attachment-sm size-sm\" alt=\"Elever i ett klassrum\" sizes=\"(min-width: 64em) 300px, (min-width: 48em) calc(.50 * (100vw - 224px)), calc(100vw - 160px)\" srcset=\"https:\/\/klaragymnasium.se\/wp-content\/uploads\/sites\/6\/2023\/04\/hogskoleforberedande-gymnasium-goteborg-2048x1366-1-e1681972347346-400x400.jpeg 400w, https:\/\/klaragymnasium.se\/wp-content\/uploads\/sites\/6\/2023\/04\/hogskoleforberedande-gymnasium-goteborg-2048x1366-1-e1681972347346-150x150.jpeg 150w, https:\/\/klaragymnasium.se\/wp-content\/uploads\/sites\/6\/2023\/04\/hogskoleforberedande-gymnasium-goteborg-2048x1366-1-e1681972347346-300x300.jpeg 300w, https:\/\/klaragymnasium.se\/wp-content\/uploads\/sites\/6\/2023\/04\/hogskoleforberedande-gymnasium-goteborg-2048x1366-1-e1681972347346-600x600.jpeg 600w, https:\/\/klaragymnasium.se\/wp-content\/uploads\/sites\/6\/2023\/04\/hogskoleforberedande-gymnasium-goteborg-2048x1366-1-e1681972347346-800x799.jpeg 800w, https:\/\/klaragymnasium.se\/wp-content\/uploads\/sites\/6\/2023\/04\/hogskoleforberedande-gymnasium-goteborg-2048x1366-1-e1681972347346-1024x1023.jpeg 1024w, https:\/\/klaragymnasium.se\/wp-content\/uploads\/sites\/6\/2023\/04\/hogskoleforberedande-gymnasium-goteborg-2048x1366-1-e1681972347346-1200x1199.jpeg 1200w, https:\/\/klaragymnasium.se\/wp-content\/uploads\/sites\/6\/2023\/04\/hogskoleforberedande-gymnasium-goteborg-2048x1366-1-e1681972347346.jpeg 1367w\" \/>\n\t\t\t\t\t<\/div>\n\t\t\t\t<\/article>\n\t\t\t<\/li>\n\t\t\t\t\t\t\t\t\t\t\t\t\t\t\t\t\t\n\t\t\t\n\t\t\t\n\t\t\t<li class=\"l-col-6@md l-col-4@lg \" data-filter=\"nyheter oktober-2021\">\n\t\t\t\t<article class=\"c-card  has-media-zoom  \" data-variant=\"border\" data-style=\"square\" data-click-area>\n\t\t\t\t\t<div class=\"c-card__content l-stack l-stack-sm\">\n\n\t\t\t\t\t\t\t\t\t\t\t\t\t<time class=\"c-card__date u-font-small\" datetime=\"2021-10-11\">11 oktober 2021<\/time>\n\t\t\t\t\t\t\n\t\t\t\t\t\t\t\t\t\t\t\t\t<h3 class=\"c-card__title u-font-title-3\">\n\t\t\t\t\t\t\t\t\t\t\t\t\t\t\t\t\t<a class=\"c-card__link\" href=\"https:\/\/klaragymnasium.se\/goteborg-postgatan\/artikel\/varfor-atervinns-inte-din-atervinning-elever-pa-klara-har-svaret\/\">\n\t\t\t\t\t\t\t\t\t\tVarf\u00f6r \u00e5tervinns inte din \u00e5ter&#8230;\n\t\t\t\t\t\t\t\t\t<\/a>\n\t\t\t\t\t\t\t\t\t\t\t\t\t\t\t<\/h3>\n\t\t\t\t\t\t\n\t\t\t\t\t\t\t\t\t\t\t\t\t<p class=\"c-card__text l-stack-xs u-font-body\">\n\t\t\t\t\t\t\t\tDu tror s\u00e4kert att all plast som du l\u00e4mn&#8230;\n\t\t\t\t\t\t\t<\/p>\n\t\t\t\t\t\t\n\t\t\t\t\t\t\t\t\t\t\t\t\t<ul class=\"c-card__tags l-stack-grow u-list-none u-pt-md\" aria-label=\"Kategorier\">\n\t\t\t\t\t\t\t\t\t\t\t\t\t\t\t\t\t<li><span class=\"c-tag\" data-variant=\"outline\">Nyheter<\/span><\/li>\n\t\t\t\t\t\t\t\t\t\t\t\t\t\t\t<\/ul>\n\t\t\t\t\t\t\n\t\t\t\t\t\t<div class=\"c-card__icon\">\n\t\t\t\t\t\t\t\t\t\t\t\t\t\t<svg class=\"ams-icon ams-icon--arrow-right\" width=\"32\" height=\"32\" viewbox=\"0 0 32 32\" fill=\"currentColor\" aria-hidden=\"true\" xmlns=\"http:\/\/www.w3.org\/2000\/svg\">\n\t\t\t\t\t\t\t\t\t\t\t\t\t\t\t\t<path d=\"M15.4617 0.252159L14.9567 0.75931C14.6219 1.09545 14.6219 1.64048 14.9567 1.97669L27.7062 14.7806H0.857144C0.383786 14.7806 0 15.166 0 15.6414V16.3587C0 16.8341 0.383786 17.2195 0.857144 17.2195H27.7062L14.9567 30.0234C14.6219 30.3595 14.6219 30.9045 14.9567 31.2407L15.4617 31.7479C15.7964 32.084 16.3392 32.084 16.6739 31.7479L31.749 16.6087C32.0837 16.2725 32.0837 15.7275 31.749 15.3913L16.6739 0.252159C16.3392 -0.084053 15.7964 -0.084053 15.4617 0.252159Z\"\/>\n\t\t\t\t\t\t\t\n\t\t\t\t\t\t\t<\/svg>\n\t\t\t\t\t\t<\/div>\n\t\t\t\t\t<\/div>\n\n\t\t\t\t\t<div class=\"c-card__media \" style=\" \">\n\t\t\t\t\t\t<img decoding=\"async\" width=\"400\" height=\"225\" src=\"https:\/\/klaragymnasium.se\/wp-content\/uploads\/sites\/6\/2023\/03\/hallbartgymnasie-400x225.jpg\" class=\"attachment-sm size-sm\" alt=\"Elever umg\u00e5s i skolans gemensamma lokaler\" sizes=\"(min-width: 64em) 300px, (min-width: 48em) calc(.50 * (100vw - 224px)), calc(100vw - 160px)\" srcset=\"https:\/\/klaragymnasium.se\/wp-content\/uploads\/sites\/6\/2023\/03\/hallbartgymnasie-400x225.jpg 400w, https:\/\/klaragymnasium.se\/wp-content\/uploads\/sites\/6\/2023\/03\/hallbartgymnasie-300x169.jpg 300w, https:\/\/klaragymnasium.se\/wp-content\/uploads\/sites\/6\/2023\/03\/hallbartgymnasie-600x338.jpg 600w, https:\/\/klaragymnasium.se\/wp-content\/uploads\/sites\/6\/2023\/03\/hallbartgymnasie-800x450.jpg 800w, https:\/\/klaragymnasium.se\/wp-content\/uploads\/sites\/6\/2023\/03\/hallbartgymnasie-1024x576.jpg 1024w, https:\/\/klaragymnasium.se\/wp-content\/uploads\/sites\/6\/2023\/03\/hallbartgymnasie-1200x675.jpg 1200w, https:\/\/klaragymnasium.se\/wp-content\/uploads\/sites\/6\/2023\/03\/hallbartgymnasie.jpg 1920w\" \/>\n\t\t\t\t\t<\/div>\n\t\t\t\t<\/article>\n\t\t\t<\/li>\n\t\t\t\t\t\t\t\t\t\t\t\t\t\t\t\t\t\n\t\t\t\n\t\t\t\n\t\t\t<li class=\"l-col-6@md l-col-4@lg \" data-filter=\"nyheter februari-2021\">\n\t\t\t\t<article class=\"c-card  has-media-zoom  \" data-variant=\"border\" data-style=\"square\" data-click-area>\n\t\t\t\t\t<div class=\"c-card__content l-stack l-stack-sm\">\n\n\t\t\t\t\t\t\t\t\t\t\t\t\t<time class=\"c-card__date u-font-small\" datetime=\"2021-02-16\">16 februari 2021<\/time>\n\t\t\t\t\t\t\n\t\t\t\t\t\t\t\t\t\t\t\t\t<h3 class=\"c-card__title u-font-title-3\">\n\t\t\t\t\t\t\t\t\t\t\t\t\t\t\t\t\t<a class=\"c-card__link\" href=\"https:\/\/klaragymnasium.se\/goteborg-postgatan\/artikel\/hur-ar-det-att-lasa-samhallsvetenskapsprogrammet-pa-postgatan\/\">\n\t\t\t\t\t\t\t\t\t\tHur \u00e4r det att l\u00e4sa Samh\u00e4ll p\u00e5&#8230;\n\t\t\t\t\t\t\t\t\t<\/a>\n\t\t\t\t\t\t\t\t\t\t\t\t\t\t\t<\/h3>\n\t\t\t\t\t\t\n\t\t\t\t\t\t\t\t\t\t\t\t\t<p class=\"c-card__text l-stack-xs u-font-body\">\n\t\t\t\t\t\t\t\tV\u00e5r elev Oscar ber\u00e4ttar\n\t\t\t\t\t\t\t<\/p>\n\t\t\t\t\t\t\n\t\t\t\t\t\t\t\t\t\t\t\t\t<ul class=\"c-card__tags l-stack-grow u-list-none u-pt-md\" aria-label=\"Kategorier\">\n\t\t\t\t\t\t\t\t\t\t\t\t\t\t\t\t\t<li><span class=\"c-tag\" data-variant=\"outline\">Nyheter<\/span><\/li>\n\t\t\t\t\t\t\t\t\t\t\t\t\t\t\t<\/ul>\n\t\t\t\t\t\t\n\t\t\t\t\t\t<div class=\"c-card__icon\">\n\t\t\t\t\t\t\t\t\t\t\t\t\t\t<svg class=\"ams-icon ams-icon--arrow-right\" width=\"32\" height=\"32\" viewbox=\"0 0 32 32\" fill=\"currentColor\" aria-hidden=\"true\" xmlns=\"http:\/\/www.w3.org\/2000\/svg\">\n\t\t\t\t\t\t\t\t\t\t\t\t\t\t\t\t<path d=\"M15.4617 0.252159L14.9567 0.75931C14.6219 1.09545 14.6219 1.64048 14.9567 1.97669L27.7062 14.7806H0.857144C0.383786 14.7806 0 15.166 0 15.6414V16.3587C0 16.8341 0.383786 17.2195 0.857144 17.2195H27.7062L14.9567 30.0234C14.6219 30.3595 14.6219 30.9045 14.9567 31.2407L15.4617 31.7479C15.7964 32.084 16.3392 32.084 16.6739 31.7479L31.749 16.6087C32.0837 16.2725 32.0837 15.7275 31.749 15.3913L16.6739 0.252159C16.3392 -0.084053 15.7964 -0.084053 15.4617 0.252159Z\"\/>\n\t\t\t\t\t\t\t\n\t\t\t\t\t\t\t<\/svg>\n\t\t\t\t\t\t<\/div>\n\t\t\t\t\t<\/div>\n\n\t\t\t\t\t<div class=\"c-card__media \" style=\" \">\n\t\t\t\t\t\t<img decoding=\"async\" width=\"400\" height=\"267\" src=\"https:\/\/klaragymnasium.se\/wp-content\/uploads\/sites\/6\/2023\/05\/klara-postgatan-400x267.jpeg\" class=\"attachment-sm size-sm\" alt=\"Elever i ett klassrum\" sizes=\"(min-width: 64em) 300px, (min-width: 48em) calc(.50 * (100vw - 224px)), calc(100vw - 160px)\" srcset=\"https:\/\/klaragymnasium.se\/wp-content\/uploads\/sites\/6\/2023\/05\/klara-postgatan-400x267.jpeg 400w, https:\/\/klaragymnasium.se\/wp-content\/uploads\/sites\/6\/2023\/05\/klara-postgatan-300x200.jpeg 300w, https:\/\/klaragymnasium.se\/wp-content\/uploads\/sites\/6\/2023\/05\/klara-postgatan-600x400.jpeg 600w, https:\/\/klaragymnasium.se\/wp-content\/uploads\/sites\/6\/2023\/05\/klara-postgatan-800x534.jpeg 800w, https:\/\/klaragymnasium.se\/wp-content\/uploads\/sites\/6\/2023\/05\/klara-postgatan.jpeg 1024w\" \/>\n\t\t\t\t\t<\/div>\n\t\t\t\t<\/article>\n\t\t\t<\/li>\n\t\t\t<\/ul>\n\n\t<div class=\"no-results u-mt-0 u-hide\" data-filter-fallback-id=\"ams-article-list-69f45ea80a883\">\n\t<p>Det finns inga resultat som matchar din filtrering.<\/p>\n<\/div>\n\n\t    <div class=\"ams-article__more u-inline-items js-load-more-btn\">\n        <button href=\"#\"\n                class=\"c-btn\"\n                data-style=\"round\"\n                data-size=\"md\"\n                data-width=\"full-mobile\"\n                data-variant=\"outline\">\n        \tVisa fler resultat\n        <\/button>\n    <\/div>\n\n\n\t\t\n\t\t\t<div class=\"ams-article__action u-inline-items\">\n\t\t\t\t\t\t\t\n\n\n<a href=\"https:\/\/klaragymnasium.se\/goteborg-postgatan\/nyheter\/\"\n\t\n\tclass=\"c-btn \"\n\tdata-style=\"round\"\n\tdata-size=\"md\"\n\tdata-width=\"full-mobile\"\n\tdata-variant=\"default\"\n\ttarget=\"_self\">\n\t\t\t<span class=\"label\"> Se alla nyheter<\/span>\n\t\t\t<\/a>\n\t\t\t<\/div>\n\t<\/div>\n\n\t\t\n\n<\/section>\n","protected":false},"template":"","article_category":[5],"yoast_head":"<!-- This site is optimized with the Yoast SEO plugin v22.0 - https:\/\/yoast.com\/wordpress\/plugins\/seo\/ -->\n<title>Varf\u00f6r \u00e5tervinns inte din \u00e5tervinning? Elever p\u00e5 KLARA har svaret!<\/title>\n<meta name=\"description\" content=\"Varf\u00f6r \u00e5tervinns inte din \u00e5tervinning? Elever p\u00e5 KLARA har svaret! V\u00e4lkommen till Klara Gymnasium G\u00f6teborg Postgatan!\" \/>\n<meta name=\"robots\" content=\"index, follow, max-snippet:-1, max-image-preview:large, max-video-preview:-1\" \/>\n<link rel=\"canonical\" href=\"https:\/\/klaragymnasium.se\/goteborg-postgatan\/nyheter\/varfor-atervinns-inte-din-atervinning-elever-pa-klara-har-svaret\/\" \/>\n<meta property=\"og:locale\" content=\"sv_SE\" \/>\n<meta property=\"og:type\" content=\"article\" \/>\n<meta property=\"og:title\" content=\"Varf\u00f6r \u00e5tervinns inte din \u00e5tervinning? Elever p\u00e5 KLARA har svaret!\" \/>\n<meta property=\"og:description\" content=\"Varf\u00f6r \u00e5tervinns inte din \u00e5tervinning? Elever p\u00e5 KLARA har svaret! V\u00e4lkommen till Klara Gymnasium G\u00f6teborg Postgatan!\" \/>\n<meta property=\"og:url\" content=\"https:\/\/klaragymnasium.se\/goteborg-postgatan\/nyheter\/varfor-atervinns-inte-din-atervinning-elever-pa-klara-har-svaret\/\" \/>\n<meta property=\"og:site_name\" content=\"G\u00f6teborg Postgatan\" \/>\n<meta property=\"article:modified_time\" content=\"2024-03-12T12:25:55+00:00\" \/>\n<meta name=\"twitter:card\" content=\"summary_large_image\" \/>\n<meta name=\"twitter:title\" content=\"Varf\u00f6r \u00e5tervinns inte din \u00e5tervinning? Elever p\u00e5 KLARA har svaret!\" \/>\n<meta name=\"twitter:description\" content=\"Varf\u00f6r \u00e5tervinns inte din \u00e5tervinning? Elever p\u00e5 KLARA har svaret! V\u00e4lkommen till Klara Gymnasium G\u00f6teborg Postgatan!\" \/>\n<meta name=\"twitter:label1\" content=\"Est. reading time\" \/>\n\t<meta name=\"twitter:data1\" content=\"6 minuter\" \/>\n<script type=\"application\/ld+json\" class=\"yoast-schema-graph\">{\"@context\":\"https:\/\/schema.org\",\"@graph\":[{\"@type\":\"WebPage\",\"@id\":\"https:\/\/klaragymnasium.se\/goteborg-postgatan\/nyheter\/varfor-atervinns-inte-din-atervinning-elever-pa-klara-har-svaret\/\",\"url\":\"https:\/\/klaragymnasium.se\/goteborg-postgatan\/nyheter\/varfor-atervinns-inte-din-atervinning-elever-pa-klara-har-svaret\/\",\"name\":\"Varf\u00f6r \u00e5tervinns inte din \u00e5tervinning? Elever p\u00e5 KLARA har svaret!\",\"isPartOf\":{\"@id\":\"https:\/\/klaragymnasium.se\/goteborg-postgatan\/#website\"},\"datePublished\":\"2021-10-11T11:51:00+00:00\",\"dateModified\":\"2024-03-12T12:25:55+00:00\",\"description\":\"Varf\u00f6r \u00e5tervinns inte din \u00e5tervinning? Elever p\u00e5 KLARA har svaret! V\u00e4lkommen till Klara Gymnasium G\u00f6teborg Postgatan!\",\"breadcrumb\":{\"@id\":\"https:\/\/klaragymnasium.se\/goteborg-postgatan\/nyheter\/varfor-atervinns-inte-din-atervinning-elever-pa-klara-har-svaret\/#breadcrumb\"},\"inLanguage\":\"sv-SE\",\"potentialAction\":[{\"@type\":\"ReadAction\",\"target\":[\"https:\/\/klaragymnasium.se\/goteborg-postgatan\/nyheter\/varfor-atervinns-inte-din-atervinning-elever-pa-klara-har-svaret\/\"]}]},{\"@type\":\"BreadcrumbList\",\"@id\":\"https:\/\/klaragymnasium.se\/goteborg-postgatan\/nyheter\/varfor-atervinns-inte-din-atervinning-elever-pa-klara-har-svaret\/#breadcrumb\",\"itemListElement\":[{\"@type\":\"ListItem\",\"position\":1,\"name\":\"Start\",\"item\":\"https:\/\/klaragymnasium.se\/goteborg-postgatan\"},{\"@type\":\"ListItem\",\"position\":2,\"name\":\"Nyheter\"}]},{\"@type\":\"WebSite\",\"@id\":\"https:\/\/klaragymnasium.se\/goteborg-postgatan\/#website\",\"url\":\"https:\/\/klaragymnasium.se\/goteborg-postgatan\/\",\"name\":\"G\u00f6teborg Postgatan\",\"description\":\"Just another WordPress site\",\"potentialAction\":[{\"@type\":\"SearchAction\",\"target\":{\"@type\":\"EntryPoint\",\"urlTemplate\":\"https:\/\/klaragymnasium.se\/goteborg-postgatan\/?s={search_term_string}\"},\"query-input\":\"required name=search_term_string\"}],\"inLanguage\":\"sv-SE\"}]}<\/script>\n<!-- \/ Yoast SEO plugin. -->","yoast_head_json":{"title":"Varf\u00f6r \u00e5tervinns inte din \u00e5tervinning? Elever p\u00e5 KLARA har svaret!","description":"Varf\u00f6r \u00e5tervinns inte din \u00e5tervinning? Elever p\u00e5 KLARA har svaret! V\u00e4lkommen till Klara Gymnasium G\u00f6teborg Postgatan!","robots":{"index":"index","follow":"follow","max-snippet":"max-snippet:-1","max-image-preview":"max-image-preview:large","max-video-preview":"max-video-preview:-1"},"canonical":"https:\/\/klaragymnasium.se\/goteborg-postgatan\/nyheter\/varfor-atervinns-inte-din-atervinning-elever-pa-klara-har-svaret\/","og_locale":"sv_SE","og_type":"article","og_title":"Varf\u00f6r \u00e5tervinns inte din \u00e5tervinning? Elever p\u00e5 KLARA har svaret!","og_description":"Varf\u00f6r \u00e5tervinns inte din \u00e5tervinning? Elever p\u00e5 KLARA har svaret! V\u00e4lkommen till Klara Gymnasium G\u00f6teborg Postgatan!","og_url":"https:\/\/klaragymnasium.se\/goteborg-postgatan\/nyheter\/varfor-atervinns-inte-din-atervinning-elever-pa-klara-har-svaret\/","og_site_name":"G\u00f6teborg Postgatan","article_modified_time":"2024-03-12T12:25:55+00:00","twitter_card":"summary_large_image","twitter_title":"Varf\u00f6r \u00e5tervinns inte din \u00e5tervinning? Elever p\u00e5 KLARA har svaret!","twitter_description":"Varf\u00f6r \u00e5tervinns inte din \u00e5tervinning? Elever p\u00e5 KLARA har svaret! V\u00e4lkommen till Klara Gymnasium G\u00f6teborg Postgatan!","twitter_misc":{"Est. reading time":"6 minuter"},"schema":{"@context":"https:\/\/schema.org","@graph":[{"@type":"WebPage","@id":"https:\/\/klaragymnasium.se\/goteborg-postgatan\/nyheter\/varfor-atervinns-inte-din-atervinning-elever-pa-klara-har-svaret\/","url":"https:\/\/klaragymnasium.se\/goteborg-postgatan\/nyheter\/varfor-atervinns-inte-din-atervinning-elever-pa-klara-har-svaret\/","name":"Varf\u00f6r \u00e5tervinns inte din \u00e5tervinning? Elever p\u00e5 KLARA har svaret!","isPartOf":{"@id":"https:\/\/klaragymnasium.se\/goteborg-postgatan\/#website"},"datePublished":"2021-10-11T11:51:00+00:00","dateModified":"2024-03-12T12:25:55+00:00","description":"Varf\u00f6r \u00e5tervinns inte din \u00e5tervinning? Elever p\u00e5 KLARA har svaret! V\u00e4lkommen till Klara Gymnasium G\u00f6teborg Postgatan!","breadcrumb":{"@id":"https:\/\/klaragymnasium.se\/goteborg-postgatan\/nyheter\/varfor-atervinns-inte-din-atervinning-elever-pa-klara-har-svaret\/#breadcrumb"},"inLanguage":"sv-SE","potentialAction":[{"@type":"ReadAction","target":["https:\/\/klaragymnasium.se\/goteborg-postgatan\/nyheter\/varfor-atervinns-inte-din-atervinning-elever-pa-klara-har-svaret\/"]}]},{"@type":"BreadcrumbList","@id":"https:\/\/klaragymnasium.se\/goteborg-postgatan\/nyheter\/varfor-atervinns-inte-din-atervinning-elever-pa-klara-har-svaret\/#breadcrumb","itemListElement":[{"@type":"ListItem","position":1,"name":"Start","item":"https:\/\/klaragymnasium.se\/goteborg-postgatan"},{"@type":"ListItem","position":2,"name":"Nyheter"}]},{"@type":"WebSite","@id":"https:\/\/klaragymnasium.se\/goteborg-postgatan\/#website","url":"https:\/\/klaragymnasium.se\/goteborg-postgatan\/","name":"G\u00f6teborg Postgatan","description":"Just another WordPress site","potentialAction":[{"@type":"SearchAction","target":{"@type":"EntryPoint","urlTemplate":"https:\/\/klaragymnasium.se\/goteborg-postgatan\/?s={search_term_string}"},"query-input":"required name=search_term_string"}],"inLanguage":"sv-SE"}]}},"_links":{"self":[{"href":"https:\/\/klaragymnasium.se\/goteborg-postgatan\/wp-json\/wp\/v2\/article\/2141"}],"collection":[{"href":"https:\/\/klaragymnasium.se\/goteborg-postgatan\/wp-json\/wp\/v2\/article"}],"about":[{"href":"https:\/\/klaragymnasium.se\/goteborg-postgatan\/wp-json\/wp\/v2\/types\/article"}],"wp:attachment":[{"href":"https:\/\/klaragymnasium.se\/goteborg-postgatan\/wp-json\/wp\/v2\/media?parent=2141"}],"wp:term":[{"taxonomy":"article_category","embeddable":true,"href":"https:\/\/klaragymnasium.se\/goteborg-postgatan\/wp-json\/wp\/v2\/article_category?post=2141"}],"curies":[{"name":"wp","href":"https:\/\/api.w.org\/{rel}","templated":true}]}}